{"id":82819,"date":"2024-06-07T07:57:19","date_gmt":"2024-06-07T07:57:19","guid":{"rendered":"https:\/\/rnoticias.com.mx\/Portal\/2024\/06\/07\/se-cumplen-25-aos-del-asesinato-de-paco-stanley\/"},"modified":"2024-06-07T07:57:19","modified_gmt":"2024-06-07T07:57:19","slug":"se-cumplen-25-aos-del-asesinato-de-paco-stanley","status":"publish","type":"post","link":"https:\/\/rnoticias.com.mx\/Portal\/2024\/06\/07\/se-cumplen-25-aos-del-asesinato-de-paco-stanley\/","title":{"rendered":"Se cumplen 25 a&Atilde;&plusmn;os del asesinato de Paco Stanley"},"content":{"rendered":"<p style=\"margin: 0 0 2rem var(--grid-8-1-column-content-gap);letter-spacing: -0.0011875rem;color: #191919;font-family: MajritTxRoman, serif;font-size: 22px\">A finales de la d&eacute;cada de los 90, Paco Stanley era una de las personalidades m&aacute;s queridas de la televisi&oacute;n mexicana, por lo que su asesinato, la medi&aacute;tica investigaci&oacute;n de las autoridades y la falta de respuestas sigue provocando indignaci&oacute;n a 25 a&ntilde;os del crimen.<\/p>\n<p style=\"margin: 0 0 2rem var(--grid-8-1-column-content-gap);letter-spacing: -0.0011875rem;color: #191919;font-family: MajritTxRoman, serif;font-size: 22px\">&nbsp;<\/p>\n<p style=\"margin: 0 0 2rem var(--grid-8-1-column-content-gap);letter-spacing: -0.0011875rem;color: #191919;font-family: MajritTxRoman, serif;font-size: 22px\">El 7 de junio de 1999 &mdash;despu&eacute;s de la transmisi&oacute;n de su programa matutino,&nbsp;<em>Una Tras Otra<\/em>&nbsp;&mdash;<a style=\"color: #016ca2\" href=\"https:\/\/elpais.com\/mexico\/2023-06-17\/quien-es-quien-en-el-caso-paco-stanley-y-las-hipotesis-sobre-su-asesinato.html\" data-link-track-dtm=\"\" data-mrf-link=\"https:\/\/elpais.com\/mexico\/2023-06-17\/quien-es-quien-en-el-caso-paco-stanley-y-las-hipotesis-sobre-su-asesinato.html\">Paco Stanley<\/a>&nbsp;fue a desayunar al restaurante El Charco de las Ranas en compa&ntilde;&iacute;a de Mario Bezares, su colega Jorge Gil, el chofer Jorge Garc&iacute;a Escand&oacute;n, y sus escoltas.<\/p>\n<p style=\"margin: 0 0 2rem var(--grid-8-1-column-content-gap);letter-spacing: -0.0011875rem;color: #191919;font-family: MajritTxRoman, serif;font-size: 22px\">&nbsp;<\/p>\n<p style=\"margin: 0 0 2rem var(--grid-8-1-column-content-gap);letter-spacing: -0.0011875rem;color: #191919;font-family: MajritTxRoman, serif;font-size: 22px\">El grupo estaba esperando arriba de los veh&iacute;culos a que Bezares saliera del ba&ntilde;o, cuando fueron atacados por sujetos armados. El comediante recibi&oacute; cuatro impactos de bala y muri&oacute; instant&aacute;neamente, en el lugar tambi&eacute;n falleci&oacute; un hombre por una bala perdida y tres personas m&aacute;s resultaron heridas de gravedad.<\/p>\n<p style=\"margin: 0 0 2rem var(--grid-8-1-column-content-gap);letter-spacing: -0.0011875rem;color: #191919;font-family: MajritTxRoman, serif;font-size: 22px\">&nbsp;<\/p>\n<p style=\"margin: 0 0 2rem var(--grid-8-1-column-content-gap);letter-spacing: -0.0011875rem;color: #191919;font-family: MajritTxRoman, serif;font-size: 22px\">En un inicio se pens&oacute; que pudo ser un intento de secuestro, pero el caso se complic&oacute; y las autoridades concluyeron que el crimen organizado podr&iacute;a estar involucrado, por lo que la imagen carism&aacute;tica de Stanley se someti&oacute; al escrutinio p&uacute;blico.<\/p>\n<div id=\"elpais_gpt-INTEXT\" style=\"color: #191919;font-family: MajritTxRoman, serif;font-size: 22px;min-width: 760px;min-height: 0px\">&nbsp;<\/div>\n<p>&nbsp;<\/p>\n<p>M&aacute;s de dos d&eacute;cadas de impunidad<\/p>\n<p style=\"margin: 0 0 2rem var(--grid-8-1-column-content-gap);letter-spacing: -0.0011875rem;color: #191919;font-family: MajritTxRoman, serif;font-size: 22px\">La principal l&iacute;nea de investigaci&oacute;n de las autoridades estaba basada en las declaraciones de Luis Gabriel Valencia &ldquo;El Flama&rdquo;, quien se identific&oacute; como el cocinero de los hermanos Amezcua, l&iacute;deres del C&aacute;rtel de Colima. De acuerdo con el hombre, Mario Bezares, Paola Durante, el exasistente Jos&eacute; Luis Rosendo Mart&iacute;nez y el chofer Jorge Garc&iacute;a Escand&oacute;n, estuvieron implicados en la emboscada al conductor, quien presuntamente hab&iacute;a hecho enojar a los capos.<\/p>\n<p style=\"margin: 0 0 2rem var(--grid-8-1-column-content-gap);letter-spacing: -0.0011875rem;color: #191919;font-family: MajritTxRoman, serif;font-size: 22px\">&nbsp;<\/p>\n<p style=\"margin: 0 0 2rem var(--grid-8-1-column-content-gap);letter-spacing: -0.0011875rem;color: #191919;font-family: MajritTxRoman, serif;font-size: 22px\">Aunque la entonces Procuradur&iacute;a General de Justicia del&nbsp;<a style=\"color: #016ca2\" href=\"https:\/\/elpais.com\/mexico\/opinion\/2024-05-20\/distrito-federal.html\" data-link-track-dtm=\"\" data-mrf-link=\"https:\/\/elpais.com\/mexico\/opinion\/2024-05-20\/distrito-federal.html\">Distrito Federal&nbsp;<\/a>(PGJDF) imput&oacute; a los sospechosos por el cargo de homicidio calificado, un a&ntilde;o despu&eacute;s salieron de la c&aacute;rcel por falta de pruebas. Valencia despu&eacute;s asegur&oacute; que fue amenazado para que testificara en contra de Bezares y Durante.<\/p>\n<p style=\"margin: 0 0 2rem var(--grid-8-1-column-content-gap);letter-spacing: -0.0011875rem;color: #191919;font-family: MajritTxRoman, serif;font-size: 22px\">&nbsp;<\/p>\n<p style=\"margin: 0 0 2rem var(--grid-8-1-column-content-gap);letter-spacing: -0.0011875rem;color: #191919;font-family: MajritTxRoman, serif;font-size: 22px\">&ldquo;(El fiscal Castro) me mandaba a su secretario, de nombre Joaqu&iacute;n, para manifestarme que siguiera con mi dicho, pues si no cumplir&iacute;a su palabra de matarme y a mi familia&rdquo;, cont&oacute; Valencia en una carta que ley&oacute; Joaqu&iacute;n L&oacute;pez D&oacute;riga en su noticiero.<\/p>\n<p style=\"margin: 0 0 2rem var(--grid-8-1-column-content-gap);letter-spacing: -0.0011875rem;color: #191919;font-family: MajritTxRoman, serif;font-size: 22px\">&nbsp;<\/p>\n<p style=\"margin: 0 0 2rem var(--grid-8-1-column-content-gap);letter-spacing: -0.0011875rem;color: #191919;font-family: MajritTxRoman, serif;font-size: 22px\">Despu&eacute;s de que esta hip&oacute;tesis fracasara, continuaron las especulaciones de los nexos de Stanley con el crimen organizado, aunque ninguna arroj&oacute; evidencias que ayudaran a esclarecer el caso.<\/p>\n<p style=\"margin: 0 0 2rem var(--grid-8-1-column-content-gap);letter-spacing: -0.0011875rem;color: #191919;font-family: MajritTxRoman, serif;font-size: 22px\">&nbsp;<\/p>\n<p style=\"margin: 0 0 2rem var(--grid-8-1-column-content-gap);letter-spacing: -0.0011875rem;color: #191919;font-family: MajritTxRoman, serif;font-size: 22px\">&nbsp;<\/p>\n<p style=\"margin: 0 0 2rem var(--grid-8-1-column-content-gap);letter-spacing: -0.0011875rem;color: #191919;font-family: MajritTxRoman, serif;font-size: 22px\">En el documental&nbsp;<em>El Show: Cr&oacute;nica de un Asesinato<\/em>, allegados a Paco Stanley confirman que ten&iacute;a una amistad con Amado Carrillo Fuentes, el narcotraficante conocido como&nbsp;<a style=\"color: #016ca2\" href=\"https:\/\/elpais.com\/mexico\/2022-06-28\/mexico-sortea-la-lujosa-mansion-del-senor-de-los-cielos.html\" data-link-track-dtm=\"\" data-mrf-link=\"https:\/\/elpais.com\/mexico\/2022-06-28\/mexico-sortea-la-lujosa-mansion-del-senor-de-los-cielos.html\"><em>el Se&ntilde;or de los Cielos<\/em><\/a>. Sin embargo, los testigos aseguraron que nunca estuvieron presentes en sus reuniones privadas.<\/p>\n<p style=\"margin: 0 0 2rem var(--grid-8-1-column-content-gap);letter-spacing: -0.0011875rem;color: #191919;font-family: MajritTxRoman, serif;font-size: 22px\">&nbsp;<\/p>\n<p style=\"margin: 0 0 2rem var(--grid-8-1-column-content-gap);letter-spacing: -0.0011875rem;color: #191919;font-family: MajritTxRoman, serif;font-size: 22px\">En otro incidente que ocurri&oacute; en su programa, Stanley ley&oacute; en voz alta una nota en la que presuntamente Ismael&nbsp;<em>El Mayo<\/em>&nbsp;Zambada le hab&iacute;a mandado saludos. Finalmente, la muerte del comediante ha pasado a la historia como un caso m&aacute;s que ha quedado impune en M&eacute;xico.<\/p>\n<p style=\"margin: 0 0 2rem var(--grid-8-1-column-content-gap);letter-spacing: -0.0011875rem;color: #191919;font-family: MajritTxRoman, serif;font-size: 22px\">&nbsp;<\/p>\n<h3 style=\"font-family: MajritTx, serif;margin: 3.75rem 0 2rem var(--grid-8-1-column-content-gap);padding: 0px 0px 0.625rem;position: relative;font-size: 1.75rem;line-height: 1.875rem;color: #191919\">El estigma alrededor de Mario Bezares<\/h3>\n<p style=\"margin: 0 0 2rem var(--grid-8-1-column-content-gap);letter-spacing: -0.0011875rem;color: #191919;font-family: MajritTxRoman, serif;font-size: 22px\">Al ser el colaborador m&aacute;s cercano de Paco Stanley, Mario Bezares recibi&oacute; condolencias y m&uacute;ltiples muestras de afecto en las primeras horas despu&eacute;s del crimen. Sin embargo, la acusaci&oacute;n en su contra por parte de la entonces Procuradur&iacute;a General de Justicia del Distrito Federal (PGJDF) cambi&oacute; el panorama y se comenz&oacute; a sospechar que las cosas no iban bien entre ellos detr&aacute;s de c&aacute;maras.<\/p>\n<p style=\"margin: 0 0 2rem var(--grid-8-1-column-content-gap);letter-spacing: -0.0011875rem;color: #191919;font-family: MajritTxRoman, serif;font-size: 22px\">&nbsp;<\/p>\n<p style=\"margin: 0 0 2rem var(--grid-8-1-column-content-gap);letter-spacing: -0.0011875rem;color: #191919;font-family: MajritTxRoman, serif;font-size: 22px\">En a&ntilde;os recientes han resurgido videos en los que se muestra que las bromas pesadas a costa de&nbsp;<em>Mayito<\/em>&nbsp;afectaron su vida personal. En uno de ellos, Paco Stanley insin&uacute;a en vivo que era el verdadero padre del hijo de Bezares. &ldquo;Cuando estaba de latoso, me dec&iacute;an: &lsquo;es que est&aacute;s enojado porque tu pap&aacute; no es tu pap&aacute;&rsquo;.<\/p>\n<p style=\"margin: 0 0 2rem var(--grid-8-1-column-content-gap);letter-spacing: -0.0011875rem;color: #191919;font-family: MajritTxRoman, serif;font-size: 22px\">&nbsp;<\/p>\n<p style=\"margin: 0 0 2rem var(--grid-8-1-column-content-gap);letter-spacing: -0.0011875rem;color: #191919;font-family: MajritTxRoman, serif;font-size: 22px\">Y t&uacute; como ni&ntilde;o te metes a Google a hacer tu investigaci&oacute;n, leyendo todo lo que encuentres&rdquo;, cont&oacute; Alan Bezares en una entrevista con el periodista Diego Enrique Osorno.<\/p>\n<p style=\"margin: 0 0 2rem var(--grid-8-1-column-content-gap);letter-spacing: -0.0011875rem;color: #191919;font-family: MajritTxRoman, serif;font-size: 22px\">&nbsp;<\/p>\n<p style=\"margin: 0 0 2rem var(--grid-8-1-column-content-gap);letter-spacing: -0.0011875rem;color: #191919;font-family: MajritTxRoman, serif;font-size: 22px\">En 2023 Brenda Bezares desminti&oacute; los rumores y comparti&oacute; los resultados de la muestra de ADN de su hijo. &ldquo;En ese momento lo m&aacute;s importante era la libertad de mi esposo y hoy solo quiero que nos dejen en paz&rdquo;, escribi&oacute; la exreina de belleza en redes sociales.<\/p>\n<p style=\"margin: 0 0 2rem var(--grid-8-1-column-content-gap);letter-spacing: -0.0011875rem;color: #191919;font-family: MajritTxRoman, serif;font-size: 22px\">&nbsp;<\/p>\n<p style=\"margin: 0 0 2rem var(--grid-8-1-column-content-gap);letter-spacing: -0.0011875rem;color: #191919;font-family: MajritTxRoman, serif;font-size: 22px\">Mario Bezares y su familia se mudaron a Monterrey, donde pudo retomar su carrera como conductor, aunque la pol&eacute;mica los persigue incluso hasta la fecha. Recientemente Mario y Brenda Bezares comenzaron un proceso legal en contra de la producci&oacute;n de Prime Video,&nbsp;<a style=\"color: #016ca2\" href=\"https:\/\/elpais.com\/mexico\/gente\/2023-01-12\/diego-boneta-luis-gerardo-mendez-y-belinda-protagonizaran-la-serie-sobre-el-ultimo-dia-de-paco-stanley.html\" data-link-track-dtm=\"\" data-mrf-link=\"https:\/\/elpais.com\/mexico\/gente\/2023-01-12\/diego-boneta-luis-gerardo-mendez-y-belinda-protagonizaran-la-serie-sobre-el-ultimo-dia-de-paco-stanley.html\"><em>&iquest;Qui&eacute;n lo Mat&oacute;?<\/em><\/a>, por el uso de su imagen sin su autorizaci&oacute;n.<\/p>\n<p style=\"margin: 0 0 2rem var(--grid-8-1-column-content-gap);letter-spacing: -0.0011875rem;color: #191919;font-family: MajritTxRoman, serif;font-size: 22px\">&nbsp;<\/p>\n<h3 style=\"font-family: MajritTx, serif;margin: 3.75rem 0 2rem var(--grid-8-1-column-content-gap);padding: 0px 0px 0.625rem;position: relative;font-size: 1.75rem;line-height: 1.875rem;color: #191919\">El duelo de la familia Stanley<\/h3>\n<p style=\"margin: 0 0 2rem var(--grid-8-1-column-content-gap);letter-spacing: -0.0011875rem;color: #191919;font-family: MajritTxRoman, serif;font-size: 22px\">A pesar de la atenci&oacute;n medi&aacute;tica alrededor del caso, los hijos de Paco Stanley han marcado su distancia y se han abstenido de colaborar en las&nbsp;<a style=\"color: #016ca2\" href=\"https:\/\/elpais.com\/mexico\/2024-05-24\/quien-lo-mato-luis-gerardo-mendez-y-diego-boneta-se-sumergen-en-las-intrigas-del-caso-paco-stanley.html\" data-link-track-dtm=\"\" data-mrf-link=\"https:\/\/elpais.com\/mexico\/2024-05-24\/quien-lo-mato-luis-gerardo-mendez-y-diego-boneta-se-sumergen-en-las-intrigas-del-caso-paco-stanley.html\">producciones televisivas<\/a>&nbsp;que se han realizado sobre la vida del comediante.<\/p>\n<p style=\"margin: 0 0 2rem var(--grid-8-1-column-content-gap);letter-spacing: -0.0011875rem;color: #191919;font-family: MajritTxRoman, serif;font-size: 22px\">&nbsp;<\/p>\n<p style=\"margin: 0 0 2rem var(--grid-8-1-column-content-gap);letter-spacing: -0.0011875rem;color: #191919;font-family: MajritTxRoman, serif;font-size: 22px\">Paul Stanley (38 a&ntilde;os, Ciudad de M&eacute;xico) estaba en el colegio cuando se enter&oacute; de la muerte de su padre, aunque los maestros le dieron poca informaci&oacute;n sobre lo que hab&iacute;a ocurrido. Finalmente, la secretaria de Paco le confirm&oacute; la noticia a trav&eacute;s de una llamada telef&oacute;nica.<\/p>\n<p style=\"margin: 0 0 2rem var(--grid-8-1-column-content-gap);letter-spacing: -0.0011875rem;color: #191919;font-family: MajritTxRoman, serif;font-size: 22px\">&nbsp;<\/p>\n<p style=\"margin: 0 0 2rem var(--grid-8-1-column-content-gap);letter-spacing: -0.0011875rem;color: #191919;font-family: MajritTxRoman, serif;font-size: 22px\">&ldquo;Yo no entend&iacute;a nada y todos mis primos viendo la televisi&oacute;n. Me met&iacute; a mi cuarto, me acost&eacute;, puse m&uacute;sica, pero no entend&iacute;a nada&rdquo;, cont&oacute; en una entrevista de 2019.<\/p>\n<p style=\"margin: 0 0 2rem var(--grid-8-1-column-content-gap);letter-spacing: -0.0011875rem;color: #191919;font-family: MajritTxRoman, serif;font-size: 22px\">&nbsp;<\/p>\n<p style=\"margin: 0 0 2rem var(--grid-8-1-column-content-gap);letter-spacing: -0.0011875rem;color: #191919;font-family: MajritTxRoman, serif;font-size: 22px\">Paul, quien sigui&oacute; los pasos de su padre y actualmente es conductor en el programa&nbsp;<em>Hoy<\/em>, de Televisa, ha sido el m&aacute;s vocal al pronunciarse sobre la controversia que a&uacute;n genera la muerte de Paco Stanley.<\/p>\n<p style=\"margin: 0 0 2rem var(--grid-8-1-column-content-gap);letter-spacing: -0.0011875rem;color: #191919;font-family: MajritTxRoman, serif;font-size: 22px\">&nbsp;<\/p>\n<p style=\"margin: 0 0 2rem var(--grid-8-1-column-content-gap);letter-spacing: -0.0011875rem;color: #191919;font-family: MajritTxRoman, serif;font-size: 22px\">&ldquo;Lamento mucho que hoy tu vida sea morbo y no un homenaje, pero en fin, con que tu familia y los que te aman recuerden qui&eacute;n eras. Eres eterno&rdquo;, escribi&oacute; el tambi&eacute;n actor en sus redes sociales. Los otros dos hijos de Paco Stanley, Francisco Stanley Pedroza y Leslie Stanley Pedroza se han mantenido lejos de los reflectores tras su asesinato.<\/p>\n<p style=\"margin: 0 0 2rem var(--grid-8-1-column-content-gap);letter-spacing: -0.0011875rem;color: #191919;font-family: MajritTxRoman, serif;font-size: 22px\">&nbsp;<\/p>\n<p style=\"margin: 0 0 2rem var(--grid-8-1-column-content-gap);letter-spacing: -0.0011875rem;color: #191919;font-family: MajritTxRoman, serif;font-size: 22px\">El primog&eacute;nito del conductor, Francisco Stanley Sol&iacute;s, muri&oacute; en 1993.<\/p>\n<p style=\"margin: 0 0 2rem var(--grid-8-1-column-content-gap);letter-spacing: -0.0011875rem;color: #191919;font-family: MajritTxRoman, serif;font-size: 22px\">&nbsp;<\/p>\n<p style=\"margin: 0 0 2rem var(--grid-8-1-column-content-gap);letter-spacing: -0.0011875rem;color: #191919;font-family: MajritTxRoman, serif;font-size: 22px\">El Pa&iacute;s M&eacute;xico<\/p>\n","protected":false},"excerpt":{"rendered":"<p>Se cumplen 25 a&Atilde;&plusmn;os del asesinato de Paco Stanley<\/p>\n","protected":false},"author":1,"featured_media":82820,"comment_status":"","ping_status":"","sticky":false,"template":"","format":"standard","meta":{"footnotes":""},"categories":[219],"tags":[6339],"class_list":["post-82819","post","type-post","status-publish","format-standard","has-post-thumbnail","hentry","category-espectaculos","tag-paco-stanley"],"jetpack_featured_media_url":"https:\/\/rnoticias.com.mx\/Portal\/wp-content\/uploads\/2025\/01\/1717772239_\u00bfQu\u00e9sucedi\u00f3el7dejuniode1999enM\u00e9xico-.jpg","amp_enabled":true,"_links":{"self":[{"href":"https:\/\/rnoticias.com.mx\/Portal\/wp-json\/wp\/v2\/posts\/82819","targetHints":{"allow":["GET"]}}],"collection":[{"href":"https:\/\/rnoticias.com.mx\/Portal\/wp-json\/wp\/v2\/posts"}],"about":[{"href":"https:\/\/rnoticias.com.mx\/Portal\/wp-json\/wp\/v2\/types\/post"}],"author":[{"embeddable":true,"href":"https:\/\/rnoticias.com.mx\/Portal\/wp-json\/wp\/v2\/users\/1"}],"replies":[{"embeddable":true,"href":"https:\/\/rnoticias.com.mx\/Portal\/wp-json\/wp\/v2\/comments?post=82819"}],"version-history":[{"count":0,"href":"https:\/\/rnoticias.com.mx\/Portal\/wp-json\/wp\/v2\/posts\/82819\/revisions"}],"wp:featuredmedia":[{"embeddable":true,"href":"https:\/\/rnoticias.com.mx\/Portal\/wp-json\/wp\/v2\/media\/82820"}],"wp:attachment":[{"href":"https:\/\/rnoticias.com.mx\/Portal\/wp-json\/wp\/v2\/media?parent=82819"}],"wp:term":[{"taxonomy":"category","embeddable":true,"href":"https:\/\/rnoticias.com.mx\/Portal\/wp-json\/wp\/v2\/categories?post=82819"},{"taxonomy":"post_tag","embeddable":true,"href":"https:\/\/rnoticias.com.mx\/Portal\/wp-json\/wp\/v2\/tags?post=82819"}],"curies":[{"name":"wp","href":"https:\/\/api.w.org\/{rel}","templated":true}]}}