{"id":63129,"date":"2016-10-06T16:37:26","date_gmt":"2016-10-06T16:37:26","guid":{"rendered":"https:\/\/rnoticias.com.mx\/Portal\/2016\/10\/06\/se-reune-cegc-con-comite-de-vinculacion-de-conalep\/"},"modified":"2016-10-06T16:37:26","modified_gmt":"2016-10-06T16:37:26","slug":"se-reune-cegc-con-comite-de-vinculacion-de-conalep","status":"publish","type":"post","link":"https:\/\/rnoticias.com.mx\/Portal\/2016\/10\/06\/se-reune-cegc-con-comite-de-vinculacion-de-conalep\/","title":{"rendered":"Se reune CEGC con Comite de Vinculacion de Conalep"},"content":{"rendered":"<p>Por Redacci&oacute;n<\/p>\n<p>&nbsp;<\/p>\n<p class=\"x_gmail-MsoNoSpacing\">Empalme.- En el marco de la firma del convenio de colaboraci&oacute;n entre Municipio y Conalep Sonora, el alcalde Carlos Enrique G&oacute;mez Cota se reuni&oacute; con integrantes del Comit&eacute; de Vinculaci&oacute;n del plantel Empalme, primer encuentro en el que se cont&oacute; con de Francisco Carlos Silva Toledo, director general de &eacute;se sistema de educaci&oacute;n en Sonora.<\/p>\n<p class=\"x_gmail-MsoNoSpacing\">En la reuni&oacute;n el presidente municipal se mostr&oacute; interesado en coadyuvar en las diferentes acciones que emprenda la instituci&oacute;n para beneficio de los j&oacute;venes que cursan su educaci&oacute;n media superior o profesional t&eacute;cnico, tal y como ha sido el compromiso de la presente administraci&oacute;n con relaci&oacute;n a la educaci&oacute;n.<\/p>\n<p class=\"x_gmail-MsoNoSpacing\">Francisco Carlos Silva Toledo, director general de&nbsp;&nbsp;Conalep Sonora agradeci&oacute; el inter&eacute;s de apoyar a la instituci&oacute;n, por los beneficios de conformar un comit&eacute;, pues pueden brindar a la instituci&oacute;n asesor&iacute;as, recomendaciones y consejos que permitan cumplir con el objetivo de formar mejores profesionistas.<\/p>\n<p class=\"x_gmail-MsoNoSpacing\">Le correspondi&oacute; a la profesora Cecilia Camacho Sandoval, directora de Conalep plantel Empalme hacer la presentaci&oacute;n de quienes han sido invitados a participar en el citado Comit&eacute; de Vinculaci&oacute;n, mismo que estar&aacute; presidido por el licenciado Armando Lee Quiroga, director general de la empresa Maquilas Tetakawi.<\/p>\n<p class=\"x_gmail-MsoNoSpacing\">Lo conforman adem&aacute;s Cecilia Camacho Sandoval, secretaria Ejecutiva, Mar&iacute;a Antonieta Bernal Escalante, secretar&iacute;a de Actas, en la Comisi&oacute;n Acad&eacute;mica y Educativa participan Pedro Mar Hern&aacute;ndez, rector de la Universidad Tecnol&oacute;gica de Guaymas (UTG), y Jorge Ren&eacute; Aquino Fong, profesor de Conalep.<\/p>\n<p class=\"x_gmail-MsoNoSpacing\">En tanto la comisi&oacute;n de Apoyo al Mercado Laboral estar&aacute;n colaborando Kenya Gabriela Morales Parada, y Rolando Corral L&oacute;pez, secretario general del sindicato de Maquilas Tetakawi, en la comisi&oacute;n para la Obtenci&oacute;n de Recursos y Apoyos se suman Ariel Gaspar Ozuna, director Municipal de Desarrollo Social, y V&iacute;ctor Hugo Morales Orozco, jefe de Proyecto en Conalep Sonora.<\/p>\n<p class=\"x_gmail-MsoNoSpacing\">En calidad de miembros honorarios participan los ex presidentes municipales Heriberto Liz&aacute;rraga Zatara&iacute;n y Jos&eacute; Mar&iacute;a Medina Cruz, adem&aacute;s de Erik Niebla Qui&ntilde;ones, secretario del Ayuntamiento, Dominic &Aacute;vila Ramos, administrador de la Comisi&oacute;n Estatal del Agua (Cea) Empalme, y el regidor Javier Ernesto Valdez Angulo.<\/p>\n","protected":false},"excerpt":{"rendered":"<p>Se reune CEGC con Comite de Vinculacion de Conalep<\/p>\n","protected":false},"author":1,"featured_media":63130,"comment_status":"","ping_status":"","sticky":false,"template":"","format":"standard","meta":{"footnotes":""},"categories":[174],"tags":[4016],"class_list":["post-63129","post","type-post","status-publish","format-standard","has-post-thumbnail","hentry","category-estatal","tag-empalme"],"jetpack_featured_media_url":"https:\/\/rnoticias.com.mx\/Portal\/wp-content\/uploads\/2025\/01\/1475797046_Sere\u00faneCEGCconComit\u00e9deVinculaci\u00f3ndeConalep.jpg","amp_enabled":true,"_links":{"self":[{"href":"https:\/\/rnoticias.com.mx\/Portal\/wp-json\/wp\/v2\/posts\/63129","targetHints":{"allow":["GET"]}}],"collection":[{"href":"https:\/\/rnoticias.com.mx\/Portal\/wp-json\/wp\/v2\/posts"}],"about":[{"href":"https:\/\/rnoticias.com.mx\/Portal\/wp-json\/wp\/v2\/types\/post"}],"author":[{"embeddable":true,"href":"https:\/\/rnoticias.com.mx\/Portal\/wp-json\/wp\/v2\/users\/1"}],"replies":[{"embeddable":true,"href":"https:\/\/rnoticias.com.mx\/Portal\/wp-json\/wp\/v2\/comments?post=63129"}],"version-history":[{"count":0,"href":"https:\/\/rnoticias.com.mx\/Portal\/wp-json\/wp\/v2\/posts\/63129\/revisions"}],"wp:featuredmedia":[{"embeddable":true,"href":"https:\/\/rnoticias.com.mx\/Portal\/wp-json\/wp\/v2\/media\/63130"}],"wp:attachment":[{"href":"https:\/\/rnoticias.com.mx\/Portal\/wp-json\/wp\/v2\/media?parent=63129"}],"wp:term":[{"taxonomy":"category","embeddable":true,"href":"https:\/\/rnoticias.com.mx\/Portal\/wp-json\/wp\/v2\/categories?post=63129"},{"taxonomy":"post_tag","embeddable":true,"href":"https:\/\/rnoticias.com.mx\/Portal\/wp-json\/wp\/v2\/tags?post=63129"}],"curies":[{"name":"wp","href":"https:\/\/api.w.org\/{rel}","templated":true}]}}