{"id":53549,"date":"2016-05-13T12:04:15","date_gmt":"2016-05-13T12:04:15","guid":{"rendered":"https:\/\/rnoticias.com.mx\/Portal\/2016\/05\/13\/conforman-comite-para-evaluar-planta-termoelectrica-en-ap\/"},"modified":"2016-05-13T12:04:15","modified_gmt":"2016-05-13T12:04:15","slug":"conforman-comite-para-evaluar-planta-termoelectrica-en-ap","status":"publish","type":"post","link":"https:\/\/rnoticias.com.mx\/Portal\/2016\/05\/13\/conforman-comite-para-evaluar-planta-termoelectrica-en-ap\/","title":{"rendered":"Conforman comite para evaluar planta termoelectrica en AP"},"content":{"rendered":"<p>Por Redacci&ograve;n<\/p>\n<p>&nbsp;<\/p>\n<p style=\"line-height: 21.3px;margin: 0px 0px 1.35em;color: #444444;font-family: tahoma, sans-serif;font-size: 15px\"><span style=\"line-height: 21.3px;font-family: Tahoma, sans-serif\">Para realizar la revisi&oacute;n necesaria del proyecto de la Termoel&eacute;ctrica, el Regidor y presidente de la Comisi&oacute;n de Obras P&uacute;blicas, Fernando Palomares Parra, tom&oacute; protesta, en representaci&oacute;n del Alcalde H&eacute;ctor Rubalcava Gastelum, a los miembros del Comit&eacute; de Supervisi&oacute;n y Evaluaci&oacute;n.<\/span><\/p>\n<p style=\"line-height: 21.3px;margin: 0px 0px 1.35em;color: #444444;font-family: tahoma, sans-serif;font-size: 15px\"><span style=\"line-height: 21.3px;font-family: Tahoma, sans-serif\">Quienes conformaron el grupo colegiado son la Tesorera Municipal, Leticia Arvayo Sol&iacute;s, el director de Obras P&uacute;blicas, Arlo Torres Rasc&oacute;n, el director de Protecci&oacute;n Civil, Aar&oacute;n Menchaca L&oacute;pez, el Contralor Francisco Javier L&oacute;pez Peralta, la S&iacute;ndico Procurador, Karmina Nemer Navarro, el regidor Fernando Palomares y los especialistas, Horacio L&oacute;pez, Sarah&iacute; L&oacute;pez Millanes, Antonio Durazo y Rub&eacute;n Eduardo Barraza Loya de Catastro.<\/span><\/p>\n<p style=\"line-height: 21.3px;margin: 0px 0px 1.35em;color: #444444;font-family: tahoma, sans-serif;font-size: 15px\"><span style=\"line-height: 21.3px;font-family: Tahoma, sans-serif\">Barraza Loya, indic&oacute; que dicho comit&eacute; est&aacute; formado con el fin de revisar el proyecto denominado Planta Termoel&eacute;ctrica CC Agua Prieta II con Campo Solar, propiedad de la Comisi&oacute;n Federal de Electricidad.<\/span><\/p>\n<p style=\"line-height: 21.3px;margin: 0px 0px 1.35em;color: #444444;font-family: tahoma, sans-serif;font-size: 15px\"><span style=\"line-height: 21.3px;font-family: Tahoma, sans-serif\">El arquitecto, Antonio Durazo asegur&oacute; que para la realizaci&oacute;n de esta actividad, se seguir&aacute;n las normatividades que se requieran.<\/span><\/p>\n","protected":false},"excerpt":{"rendered":"<p>Fue conformado el Comite de Supervision y Evaluacion para la Planta Termoelectrica de Ciclo Combinado de la CFE &acirc;\u0080\u009cAgua Prieta II&acirc;\u0080\u009d<\/p>\n","protected":false},"author":1,"featured_media":53550,"comment_status":"","ping_status":"","sticky":false,"template":"","format":"standard","meta":{"footnotes":""},"categories":[174],"tags":[3882],"class_list":["post-53549","post","type-post","status-publish","format-standard","has-post-thumbnail","hentry","category-estatal","tag-ap"],"jetpack_featured_media_url":"https:\/\/rnoticias.com.mx\/Portal\/wp-content\/uploads\/2025\/01\/1463166255_Comit\u00e9deSupervici\u00f3nyEvaluaci\u00f3n.jpg","amp_enabled":true,"_links":{"self":[{"href":"https:\/\/rnoticias.com.mx\/Portal\/wp-json\/wp\/v2\/posts\/53549","targetHints":{"allow":["GET"]}}],"collection":[{"href":"https:\/\/rnoticias.com.mx\/Portal\/wp-json\/wp\/v2\/posts"}],"about":[{"href":"https:\/\/rnoticias.com.mx\/Portal\/wp-json\/wp\/v2\/types\/post"}],"author":[{"embeddable":true,"href":"https:\/\/rnoticias.com.mx\/Portal\/wp-json\/wp\/v2\/users\/1"}],"replies":[{"embeddable":true,"href":"https:\/\/rnoticias.com.mx\/Portal\/wp-json\/wp\/v2\/comments?post=53549"}],"version-history":[{"count":0,"href":"https:\/\/rnoticias.com.mx\/Portal\/wp-json\/wp\/v2\/posts\/53549\/revisions"}],"wp:featuredmedia":[{"embeddable":true,"href":"https:\/\/rnoticias.com.mx\/Portal\/wp-json\/wp\/v2\/media\/53550"}],"wp:attachment":[{"href":"https:\/\/rnoticias.com.mx\/Portal\/wp-json\/wp\/v2\/media?parent=53549"}],"wp:term":[{"taxonomy":"category","embeddable":true,"href":"https:\/\/rnoticias.com.mx\/Portal\/wp-json\/wp\/v2\/categories?post=53549"},{"taxonomy":"post_tag","embeddable":true,"href":"https:\/\/rnoticias.com.mx\/Portal\/wp-json\/wp\/v2\/tags?post=53549"}],"curies":[{"name":"wp","href":"https:\/\/api.w.org\/{rel}","templated":true}]}}