{"id":269920,"date":"2026-09-05T14:25:24","date_gmt":"2026-09-05T21:25:24","guid":{"rendered":"https:\/\/rnoticias.com.mx\/Portal\/?p=269920"},"modified":"2026-09-05T14:25:24","modified_gmt":"2026-09-05T21:25:24","slug":"invita-gobierno-de-hermosillo-a-jornada-de-castracion-gratuita-para-perros-y-gatos-en-los-encinos","status":"publish","type":"post","link":"https:\/\/rnoticias.com.mx\/Portal\/2026\/09\/05\/invita-gobierno-de-hermosillo-a-jornada-de-castracion-gratuita-para-perros-y-gatos-en-los-encinos\/","title":{"rendered":"Invita Gobierno de Hermosillo a jornada de castraci\u00f3n gratuita para perros y gatos en Los Encinos"},"content":{"rendered":"<p>Hermosillo, Sonora; 5 de septiembre, 2026.- El Ayuntamiento de Hermosillo, a trav\u00e9s del Instituto Municipal de Protecci\u00f3n y Bienestar Animal, invita a las y los vecinos de Los Encinos a la Jornada de Castraci\u00f3n Gratuita este mi\u00e9rcoles 09 de septiembre.<\/p>\n<p>La administraci\u00f3n municipal encabezada por el presidente Antonio Astiazar\u00e1n promueve esta jornada que inicia a partir de las 9:00 a.m. en el CAFV ubicado en Blvd. Diego Rivera y Blvd. Paseo Las Lomas de la colonia Los Encinos.<\/p>\n<p>Para participar es necesario presentar identificaci\u00f3n oficial vigente y llevar perros y gatos sanos a partir de los 3 meses de edad, que se encuentren limpios y sin garrapatas, pulgas o piojos, con perros sujetos con correa y gatos en transportadora.<\/p>\n<p>Adem\u00e1s de cumplir con ayuno total de agua y alimento de 8 horas para mascotas adultas y de 6 horas para cachorros de 3 a 8 meses.<\/p>\n<p>Agenda tu lugar v\u00eda WhatsApp al 662 411 6700. La entrega de turnos es por orden de llegada.<\/p>\n<p>El Gobierno de Hermosillo invita a estar pendiente de las pr\u00f3ximas jornadas en las redes sociales a trav\u00e9s de hermosillogob.<\/p>\n","protected":false},"excerpt":{"rendered":"<p>Hermosillo, Sonora; 5 de septiembre, 2026.- El Ayuntamiento de Hermosillo, a trav\u00e9s del Instituto Municipal de Protecci\u00f3n y Bienestar Animal, invita a las y los vecinos de Los Encinos a la Jornada de Castraci\u00f3n Gratuita este mi\u00e9rcoles 09 de septiembre. La administraci\u00f3n municipal encabezada por el presidente Antonio Astiazar\u00e1n promueve esta jornada que inicia a [&hellip;]<\/p>\n","protected":false},"author":2,"featured_media":269921,"comment_status":"closed","ping_status":"closed","sticky":false,"template":"","format":"standard","meta":{"footnotes":""},"categories":[12870,178],"tags":[12865,12869],"class_list":["post-269920","post","type-post","status-publish","format-standard","has-post-thumbnail","hentry","category-destacadas","category-local","tag-destacadas","tag-local"],"jetpack_featured_media_url":"https:\/\/rnoticias.com.mx\/Portal\/wp-content\/uploads\/2026\/09\/883.jpg","amp_enabled":true,"_links":{"self":[{"href":"https:\/\/rnoticias.com.mx\/Portal\/wp-json\/wp\/v2\/posts\/269920","targetHints":{"allow":["GET"]}}],"collection":[{"href":"https:\/\/rnoticias.com.mx\/Portal\/wp-json\/wp\/v2\/posts"}],"about":[{"href":"https:\/\/rnoticias.com.mx\/Portal\/wp-json\/wp\/v2\/types\/post"}],"author":[{"embeddable":true,"href":"https:\/\/rnoticias.com.mx\/Portal\/wp-json\/wp\/v2\/users\/2"}],"replies":[{"embeddable":true,"href":"https:\/\/rnoticias.com.mx\/Portal\/wp-json\/wp\/v2\/comments?post=269920"}],"version-history":[{"count":1,"href":"https:\/\/rnoticias.com.mx\/Portal\/wp-json\/wp\/v2\/posts\/269920\/revisions"}],"predecessor-version":[{"id":269922,"href":"https:\/\/rnoticias.com.mx\/Portal\/wp-json\/wp\/v2\/posts\/269920\/revisions\/269922"}],"wp:featuredmedia":[{"embeddable":true,"href":"https:\/\/rnoticias.com.mx\/Portal\/wp-json\/wp\/v2\/media\/269921"}],"wp:attachment":[{"href":"https:\/\/rnoticias.com.mx\/Portal\/wp-json\/wp\/v2\/media?parent=269920"}],"wp:term":[{"taxonomy":"category","embeddable":true,"href":"https:\/\/rnoticias.com.mx\/Portal\/wp-json\/wp\/v2\/categories?post=269920"},{"taxonomy":"post_tag","embeddable":true,"href":"https:\/\/rnoticias.com.mx\/Portal\/wp-json\/wp\/v2\/tags?post=269920"}],"curies":[{"name":"wp","href":"https:\/\/api.w.org\/{rel}","templated":true}]}}