{"id":269917,"date":"2026-09-05T14:01:52","date_gmt":"2026-09-05T21:01:52","guid":{"rendered":"https:\/\/rnoticias.com.mx\/Portal\/?p=269917"},"modified":"2026-09-05T14:01:52","modified_gmt":"2026-09-05T21:01:52","slug":"universidad-kino-inaugura-nueva-cancha-de-padel","status":"publish","type":"post","link":"https:\/\/rnoticias.com.mx\/Portal\/2026\/09\/05\/universidad-kino-inaugura-nueva-cancha-de-padel\/","title":{"rendered":"Universidad Kino inaugura nueva cancha de p\u00e1del"},"content":{"rendered":"<p>Hermosillo, Sonora.\u2013La Universidad Kino inaugur\u00f3 oficialmente su nueva cancha de p\u00e1del, un espacio que se incorpora a su infraestructura deportiva con el objetivo de impulsar la actividad f\u00edsica, la convivencia y el bienestar integral de su comunidad universitaria.<\/p>\n<p>El acto inaugural estuvo encabezado por el rector de la Universidad Kino, Julio C\u00e9sar Mendoza Urrea, quien estuvo acompa\u00f1ado por los consejeros Octavio S\u00e1nchez Monta\u00f1o, Ram\u00f3n Ponce Dom\u00ednguez, Jes\u00fas Manuel Acu\u00f1a y Jos\u00e9 Francisco Mungu\u00eda C\u00f3rdova, adem\u00e1s de integrantes de la comunidad universitaria e invitados especiales.<\/p>\n<p>Durante la ceremonia se resalt\u00f3 la importancia de contar con espacios que promuevan la pr\u00e1ctica deportiva y generen nuevas oportunidades de convivencia entre estudiantes, docentes y colaboradores. La nueva cancha representa tambi\u00e9n una alternativa para acercar a los j\u00f3venes a una disciplina que ha ganado popularidad y presencia en distintos \u00e1mbitos deportivos.<\/p>\n<p>Como parte de las actividades de inauguraci\u00f3n se llev\u00f3 a cabo un juego de exhibici\u00f3n de p\u00e1del, en el que participaron las jugadoras Edith Gallegos, Gisse Lezcano, Ana Pavlovich y Laura Ruiz, quienes ofrecieron una demostraci\u00f3n de esta disciplina ante los asistentes.<\/p>\n<p>Con la puesta en funcionamiento de esta cancha, la Universidad Kino refrenda su compromiso con la formaci\u00f3n integral de sus estudiantes, fortaleciendo espacios que complementan su preparaci\u00f3n acad\u00e9mica y contribuyen al desarrollo de h\u00e1bitos saludables.<\/p>\n<p>La instituci\u00f3n continuar\u00e1 promoviendo actividades deportivas y de convivencia que fortalezcan la integraci\u00f3n de su comunidad y contribuyan a una experiencia universitaria integral.<\/p>\n","protected":false},"excerpt":{"rendered":"<p>Hermosillo, Sonora.\u2013La Universidad Kino inaugur\u00f3 oficialmente su nueva cancha de p\u00e1del, un espacio que se incorpora a su infraestructura deportiva con el objetivo de impulsar la actividad f\u00edsica, la convivencia y el bienestar integral de su comunidad universitaria. El acto inaugural estuvo encabezado por el rector de la Universidad Kino, Julio C\u00e9sar Mendoza Urrea, quien [&hellip;]<\/p>\n","protected":false},"author":2,"featured_media":269918,"comment_status":"closed","ping_status":"closed","sticky":false,"template":"","format":"standard","meta":{"footnotes":""},"categories":[188,12870],"tags":[5231,12865],"class_list":["post-269917","post","type-post","status-publish","format-standard","has-post-thumbnail","hentry","category-deportes","category-destacadas","tag-deportes","tag-destacadas"],"jetpack_featured_media_url":"https:\/\/rnoticias.com.mx\/Portal\/wp-content\/uploads\/2026\/09\/padel_.jpg.jpeg","amp_enabled":true,"_links":{"self":[{"href":"https:\/\/rnoticias.com.mx\/Portal\/wp-json\/wp\/v2\/posts\/269917","targetHints":{"allow":["GET"]}}],"collection":[{"href":"https:\/\/rnoticias.com.mx\/Portal\/wp-json\/wp\/v2\/posts"}],"about":[{"href":"https:\/\/rnoticias.com.mx\/Portal\/wp-json\/wp\/v2\/types\/post"}],"author":[{"embeddable":true,"href":"https:\/\/rnoticias.com.mx\/Portal\/wp-json\/wp\/v2\/users\/2"}],"replies":[{"embeddable":true,"href":"https:\/\/rnoticias.com.mx\/Portal\/wp-json\/wp\/v2\/comments?post=269917"}],"version-history":[{"count":1,"href":"https:\/\/rnoticias.com.mx\/Portal\/wp-json\/wp\/v2\/posts\/269917\/revisions"}],"predecessor-version":[{"id":269919,"href":"https:\/\/rnoticias.com.mx\/Portal\/wp-json\/wp\/v2\/posts\/269917\/revisions\/269919"}],"wp:featuredmedia":[{"embeddable":true,"href":"https:\/\/rnoticias.com.mx\/Portal\/wp-json\/wp\/v2\/media\/269918"}],"wp:attachment":[{"href":"https:\/\/rnoticias.com.mx\/Portal\/wp-json\/wp\/v2\/media?parent=269917"}],"wp:term":[{"taxonomy":"category","embeddable":true,"href":"https:\/\/rnoticias.com.mx\/Portal\/wp-json\/wp\/v2\/categories?post=269917"},{"taxonomy":"post_tag","embeddable":true,"href":"https:\/\/rnoticias.com.mx\/Portal\/wp-json\/wp\/v2\/tags?post=269917"}],"curies":[{"name":"wp","href":"https:\/\/api.w.org\/{rel}","templated":true}]}}