{"id":269912,"date":"2026-09-04T15:57:34","date_gmt":"2026-09-04T22:57:34","guid":{"rendered":"https:\/\/rnoticias.com.mx\/Portal\/?p=269912"},"modified":"2026-09-04T15:57:34","modified_gmt":"2026-09-04T22:57:34","slug":"hallan-sin-vida-a-zenyazen-escobar-garcia-diputado-federal-de-morena-en-veracruz","status":"publish","type":"post","link":"https:\/\/rnoticias.com.mx\/Portal\/2026\/09\/04\/hallan-sin-vida-a-zenyazen-escobar-garcia-diputado-federal-de-morena-en-veracruz\/","title":{"rendered":"Hallan sin vida a Zenyazen Escobar Garc\u00eda, diputado federal de Morena en Veracruz"},"content":{"rendered":"<p>El diputado federal de Morena\u00a0<strong>Zenyazen Escobar Garc\u00eda\u00a0<\/strong>fue hallado sin vida la ma\u00f1ana de este viernes 4 de septiembre en la comunidad de La Gloria, municipio de Puente Nacional,\u00a0<strong>Veracruz<\/strong>. El cuerpo presentaba al menos un impacto de bala.<\/p>\n<p>El legislador era originario de R\u00edo Blanco y fue l\u00edder magisterial.<\/p>\n<p>Adem\u00e1s se desempe\u00f1\u00f3 como secretario de Educaci\u00f3n en la administraci\u00f3n del exgobernador morenista\u00a0<strong>Cuitl\u00e1huac Garc\u00eda Jim\u00e9nez<\/strong>.<\/p>\n<p>La titular de la\u00a0<strong>Fiscal\u00eda General del Estado<\/strong>\u00a0(FGE),\u00a0Lisbeth Aurelia Jim\u00e9nez Aguirre, confirm\u00f3 la muerte del diputado federal y mencion\u00f3 que en la zona del hallazgo ya se encuentran peritos y elementos de la polic\u00eda ministerial para realizar las indagatorias correspondientes.<\/p>\n<p>Al mismo tiempo, enfatiz\u00f3 en que ya se integra la\u00a0<strong>carpeta de investigaci\u00f3n<\/strong>, limit\u00e1ndose a revelar las causas de la muerte, ya que ser\u00e1n las investigaciones las que determinen c\u00f3mo ocurrieron los hechos.<\/p>\n<p>Por su parte, el secretario de Gobierno,\u00a0<strong>Ricardo Ahued Bardahuil<\/strong>, dijo en conferencia de prensa:\u00a0<em>&#8220;No fue un atentado porque el carro est\u00e1 a un lado. No se nota que haya sido mayor agresi\u00f3n al veh\u00edculo. Est\u00e1 hacia un lado en un acotamiento. En este momento nos notifican que no como tal es un atentado, un ataque, es un lamentable fallecimiento por un arma de fuego&#8221;<\/em>.<\/p>\n","protected":false},"excerpt":{"rendered":"<p>El diputado federal de Morena\u00a0Zenyazen Escobar Garc\u00eda\u00a0fue hallado sin vida la ma\u00f1ana de este viernes 4 de septiembre en la comunidad de La Gloria, municipio de Puente Nacional,\u00a0Veracruz. El cuerpo presentaba al menos un impacto de bala. El legislador era originario de R\u00edo Blanco y fue l\u00edder magisterial. Adem\u00e1s se desempe\u00f1\u00f3 como secretario de Educaci\u00f3n [&hellip;]<\/p>\n","protected":false},"author":2,"featured_media":269913,"comment_status":"closed","ping_status":"closed","sticky":false,"template":"","format":"standard","meta":{"footnotes":""},"categories":[12870,12868],"tags":[12865,12879],"class_list":["post-269912","post","type-post","status-publish","format-standard","has-post-thumbnail","hentry","category-destacadas","category-politica","tag-destacadas","tag-politica"],"jetpack_featured_media_url":"https:\/\/rnoticias.com.mx\/Portal\/wp-content\/uploads\/2026\/09\/asesinan_al_diputado_zenyazen_escobar_en_chichicaxtle-_veracruz_-2-.png_868175434.webp","amp_enabled":true,"_links":{"self":[{"href":"https:\/\/rnoticias.com.mx\/Portal\/wp-json\/wp\/v2\/posts\/269912","targetHints":{"allow":["GET"]}}],"collection":[{"href":"https:\/\/rnoticias.com.mx\/Portal\/wp-json\/wp\/v2\/posts"}],"about":[{"href":"https:\/\/rnoticias.com.mx\/Portal\/wp-json\/wp\/v2\/types\/post"}],"author":[{"embeddable":true,"href":"https:\/\/rnoticias.com.mx\/Portal\/wp-json\/wp\/v2\/users\/2"}],"replies":[{"embeddable":true,"href":"https:\/\/rnoticias.com.mx\/Portal\/wp-json\/wp\/v2\/comments?post=269912"}],"version-history":[{"count":1,"href":"https:\/\/rnoticias.com.mx\/Portal\/wp-json\/wp\/v2\/posts\/269912\/revisions"}],"predecessor-version":[{"id":269914,"href":"https:\/\/rnoticias.com.mx\/Portal\/wp-json\/wp\/v2\/posts\/269912\/revisions\/269914"}],"wp:featuredmedia":[{"embeddable":true,"href":"https:\/\/rnoticias.com.mx\/Portal\/wp-json\/wp\/v2\/media\/269913"}],"wp:attachment":[{"href":"https:\/\/rnoticias.com.mx\/Portal\/wp-json\/wp\/v2\/media?parent=269912"}],"wp:term":[{"taxonomy":"category","embeddable":true,"href":"https:\/\/rnoticias.com.mx\/Portal\/wp-json\/wp\/v2\/categories?post=269912"},{"taxonomy":"post_tag","embeddable":true,"href":"https:\/\/rnoticias.com.mx\/Portal\/wp-json\/wp\/v2\/tags?post=269912"}],"curies":[{"name":"wp","href":"https:\/\/api.w.org\/{rel}","templated":true}]}}