{"id":269900,"date":"2026-09-04T15:45:39","date_gmt":"2026-09-04T22:45:39","guid":{"rendered":"https:\/\/rnoticias.com.mx\/Portal\/?p=269900"},"modified":"2026-09-04T15:45:39","modified_gmt":"2026-09-04T22:45:39","slug":"iran-ataca-kuwait-en-represalia-por-bombardeos-de-washington","status":"publish","type":"post","link":"https:\/\/rnoticias.com.mx\/Portal\/2026\/09\/04\/iran-ataca-kuwait-en-represalia-por-bombardeos-de-washington\/","title":{"rendered":"Ir\u00e1n ataca Kuwait en represalia por bombardeos de Washington"},"content":{"rendered":"<p>Ir\u00e1n dispar\u00f3 contra Kuwait como parte de sus represalias por los bombardeos de Estados Unidos de principios de semana.<\/p>\n<p>Kuwait activ\u00f3 sus sirenas a primera hora del jueves y las defensas antia\u00e9reas interceptaron misiles y drones durante una \u201cflagrante agresi\u00f3n iran\u00ed\u201d, dijo el Ministerio de Defensa del pa\u00eds en la red social X. Esto ocurri\u00f3 un d\u00eda despu\u00e9s de que Bahr\u00e9in y Jordania, dos aliados de Estados Unidos, afirmaran que sus bater\u00edas antia\u00e9reas tambi\u00e9n hab\u00edan interceptado varios ataques iran\u00edes.<\/p>\n<p><strong>Los combates entre Estados Unidos e Ir\u00e1n se intensificaron esta semana despu\u00e9s de que Washington atac\u00f3 el domingo lanzacohetes iran\u00edes en una isla del estrecho de Ormuz.<\/strong><\/p>\n<p>El vicepresidente JD\u00a0Vance\u00a0rechaz\u00f3 el jueves el uso de la palabra \u201cguerra\u201d para describir los combates de Estados Unidos con Ir\u00e1n, aunque se neg\u00f3 a predecir si el conflicto, que se ha extendido por m\u00e1s de seis meses, habr\u00e1 llegado a su fin para las elecciones legislativas de noviembre, en las que los republicanos intentan conservar su estrecha mayor\u00eda en el Congreso.<\/p>\n<p>\u201cNo lo llamar\u00eda una guerra\u201d, dijo Vance en la Casa Blanca cuando se le pregunt\u00f3 si los combates podr\u00edan llegar a su fin antes de que los votantes acudan a las urnas para las elecciones legislativas del 3 de noviembre. \u201cEn este momento, no hay un intercambio activo\u201d.<\/p>\n<p>A\u00f1adi\u00f3 que Estados Unidos ten\u00eda la \u201cresponsabilidad\u201d de llevar a cabo la ofensiva de esta semana porque Ir\u00e1n contin\u00faa atacando a buques comerciales en el estrecho de Ormuz.<\/p>\n<p>Por su parte,<strong>\u00a0el Ministerio de Asuntos Exteriores de Kuwait conden\u00f3 los ataques iran\u00edes \u00a0contra el pa\u00eds, calific\u00e1ndolos de \u201cflagrante violaci\u00f3n\u201d de su soberan\u00eda y del derecho internacional<\/strong>.<\/p>\n<p>\u201cEstos ataques constituyen una flagrante violaci\u00f3n de la soberan\u00eda de Kuwait, una amenaza directa a su seguridad, estabilidad y a la de sus ciudadanos y residentes, y una grave infracci\u00f3n del derecho internacional, la Carta de las Naciones Unidas y la Resoluci\u00f3n 2817 del Consejo de Seguridad\u201d, afirm\u00f3 Exteriores en un comunicado.<\/p>\n<p>Asimismo, Kuwait denunci\u00f3 que los ataques constituyen una \u201cpeligrosa escalada\u201d que amenaza la seguridad y la estabilidad de la regi\u00f3n, adem\u00e1s de \u201csocavar sistem\u00e1ticamente\u201d los esfuerzos diplom\u00e1ticos encaminados a la desescalada y la reducci\u00f3n de las tensiones.<\/p>\n<p>El Ministerio tambi\u00e9n subray\u00f3 que\u00a0<strong>el pa\u00eds del golfo P\u00e9rsico se reserva el pleno derecho a \u201cadoptar todas las medidas necesarias\u201d para salvaguardar su soberan\u00eda y defender su territorio<\/strong>.<\/p>\n<p>En este contexto, tambi\u00e9n Catar public\u00f3 un comunicado mostrando su condena a los recientes ataques de la Rep\u00fablica Isl\u00e1mica contra Kuwait, calific\u00e1ndolos de \u201cflagrante violaci\u00f3n\u201d.<\/p>\n<p>Durante la pasada madrugada, Kuwait tambi\u00e9n indic\u00f3 que sus sistemas de defensa a\u00e9reos respondieron a un ataque con drones procedentes de Ir\u00e1n, en una noche marcada por la\u00a0retaliaci\u00f3n\u00a0de Teher\u00e1n contra bases estadounidenses en la regi\u00f3n.<\/p>\n<p>\u201cLas defensas a\u00e9reas kuwait\u00edes se enfrentan a ataques hostiles con misiles y drones, como consecuencia de la condenable agresi\u00f3n de Ir\u00e1n\u201d, comunic\u00f3 el Ej\u00e9rcito en un mensaje de X.<\/p>\n<p>La fuerza kuwait\u00ed dijo que cualquier explosi\u00f3n es \u201cresultado de la interceptaci\u00f3n de los ataques\u201d por parte de los sistemas de defensa a\u00e9rea y urgi\u00f3 a la poblaci\u00f3n a seguir las instrucciones de seguridad emitidas por las autoridades competentes.<\/p>\n","protected":false},"excerpt":{"rendered":"<p>Ir\u00e1n dispar\u00f3 contra Kuwait como parte de sus represalias por los bombardeos de Estados Unidos de principios de semana. Kuwait activ\u00f3 sus sirenas a primera hora del jueves y las defensas antia\u00e9reas interceptaron misiles y drones durante una \u201cflagrante agresi\u00f3n iran\u00ed\u201d, dijo el Ministerio de Defensa del pa\u00eds en la red social X. Esto ocurri\u00f3 [&hellip;]<\/p>\n","protected":false},"author":2,"featured_media":269901,"comment_status":"closed","ping_status":"closed","sticky":false,"template":"","format":"standard","meta":{"footnotes":""},"categories":[12870,182],"tags":[12865,12871],"class_list":["post-269900","post","type-post","status-publish","format-standard","has-post-thumbnail","hentry","category-destacadas","category-internacional","tag-destacadas","tag-internacional"],"jetpack_featured_media_url":"https:\/\/rnoticias.com.mx\/Portal\/wp-content\/uploads\/2026\/09\/47eb244069f12d67a80993de067d0260.webp","amp_enabled":true,"_links":{"self":[{"href":"https:\/\/rnoticias.com.mx\/Portal\/wp-json\/wp\/v2\/posts\/269900","targetHints":{"allow":["GET"]}}],"collection":[{"href":"https:\/\/rnoticias.com.mx\/Portal\/wp-json\/wp\/v2\/posts"}],"about":[{"href":"https:\/\/rnoticias.com.mx\/Portal\/wp-json\/wp\/v2\/types\/post"}],"author":[{"embeddable":true,"href":"https:\/\/rnoticias.com.mx\/Portal\/wp-json\/wp\/v2\/users\/2"}],"replies":[{"embeddable":true,"href":"https:\/\/rnoticias.com.mx\/Portal\/wp-json\/wp\/v2\/comments?post=269900"}],"version-history":[{"count":1,"href":"https:\/\/rnoticias.com.mx\/Portal\/wp-json\/wp\/v2\/posts\/269900\/revisions"}],"predecessor-version":[{"id":269902,"href":"https:\/\/rnoticias.com.mx\/Portal\/wp-json\/wp\/v2\/posts\/269900\/revisions\/269902"}],"wp:featuredmedia":[{"embeddable":true,"href":"https:\/\/rnoticias.com.mx\/Portal\/wp-json\/wp\/v2\/media\/269901"}],"wp:attachment":[{"href":"https:\/\/rnoticias.com.mx\/Portal\/wp-json\/wp\/v2\/media?parent=269900"}],"wp:term":[{"taxonomy":"category","embeddable":true,"href":"https:\/\/rnoticias.com.mx\/Portal\/wp-json\/wp\/v2\/categories?post=269900"},{"taxonomy":"post_tag","embeddable":true,"href":"https:\/\/rnoticias.com.mx\/Portal\/wp-json\/wp\/v2\/tags?post=269900"}],"curies":[{"name":"wp","href":"https:\/\/api.w.org\/{rel}","templated":true}]}}