{"id":269870,"date":"2026-09-04T15:23:42","date_gmt":"2026-09-04T22:23:42","guid":{"rendered":"https:\/\/rnoticias.com.mx\/Portal\/?p=269870"},"modified":"2026-09-04T15:23:42","modified_gmt":"2026-09-04T22:23:42","slug":"reconoce-unicef-mexico-trabajo-del-gobierno-de-sonora-sobre-proteccion-de-ninas-ninos-y-adolescentes-sec","status":"publish","type":"post","link":"https:\/\/rnoticias.com.mx\/Portal\/2026\/09\/04\/reconoce-unicef-mexico-trabajo-del-gobierno-de-sonora-sobre-proteccion-de-ninas-ninos-y-adolescentes-sec\/","title":{"rendered":"Reconoce Unicef M\u00e9xico trabajo del Gobierno de Sonora sobre protecci\u00f3n de ni\u00f1as, ni\u00f1os y adolescentes: SEC"},"content":{"rendered":"<p>Hermosillo, Sonora; 4 de septiembre de 2026.- El trabajo realizado por el Gobierno de Sonora en materia de educaci\u00f3n, protecci\u00f3n, bienestar y garant\u00eda de los derechos de ni\u00f1as, ni\u00f1os y adolescentes cuenta con el reconocimiento del Fondo de las Naciones Unidas para la Infancia (Unicef) en M\u00e9xico, destac\u00f3 la Secretar\u00eda de Educaci\u00f3n y Cultura (SEC).<\/p>\n<p>En una gira de trabajo por la entidad, la representante adjunta de Unicef M\u00e9xico, Maki Kato sostuvo un encuentro con la encargada de Despacho de la SEC, Beatriz Cota Ponce, la secretaria ejecutiva del Sistema Estatal de Protecci\u00f3n Integral de Ni\u00f1as, Ni\u00f1os y Adolescentes (Sipinna), Carmen Luc\u00eda Mungu\u00eda Gallegos y la rectora de la Universidad de Sonora (Unison), Dena Mar\u00eda Camarena G\u00f3mez, entre otras autoridades.<\/p>\n<p>Durante la reuni\u00f3n, refrendaron el compromiso de seguir impulsando estrategias y la colaboraci\u00f3n interinstitucional, en beneficio de las infancias y adolescencias, con especial atenci\u00f3n a quienes se encuentran en condiciones de mayor vulnerabilidad.<\/p>\n<p>\u201cGarantizar los derechos y el desarrollo integral de nuestras ni\u00f1as, ni\u00f1os y adolescentes es una responsabilidad que asumimos con absoluta prioridad. Desde la educaci\u00f3n, seguiremos impulsando decisiones y alianzas que se traduzcan en mejores condiciones y oportunidades para las nuevas generaciones de Sonora\u201d, reiter\u00f3 Cota Ponce.<\/p>\n<p>En la Sala de Juntas de Rector\u00eda de la Unison se llev\u00f3 a cabo dicho encuentro de trabajo con Unicef M\u00e9xico, en el que se compartieron avances de las acciones, proyectos y estrategias que se han desarrollado de manera coordinada en el estado.<\/p>\n<p>Las y los participantes coincidieron que, a trav\u00e9s del di\u00e1logo y la suma de esfuerzos, ser\u00e1 posible fortalecer las alianzas que contribuyan a generar mejores oportunidades y entornos para el desarrollo integral de las nuevas generaciones.<\/p>\n","protected":false},"excerpt":{"rendered":"<p>Hermosillo, Sonora; 4 de septiembre de 2026.- El trabajo realizado por el Gobierno de Sonora en materia de educaci\u00f3n, protecci\u00f3n, bienestar y garant\u00eda de los derechos de ni\u00f1as, ni\u00f1os y adolescentes cuenta con el reconocimiento del Fondo de las Naciones Unidas para la Infancia (Unicef) en M\u00e9xico, destac\u00f3 la Secretar\u00eda de Educaci\u00f3n y Cultura (SEC). [&hellip;]<\/p>\n","protected":false},"author":2,"featured_media":269871,"comment_status":"closed","ping_status":"closed","sticky":false,"template":"","format":"standard","meta":{"footnotes":""},"categories":[12870,178],"tags":[12865,12869],"class_list":["post-269870","post","type-post","status-publish","format-standard","has-post-thumbnail","hentry","category-destacadas","category-local","tag-destacadas","tag-local"],"jetpack_featured_media_url":"https:\/\/rnoticias.com.mx\/Portal\/wp-content\/uploads\/2026\/09\/unnamed-1-5.jpg","amp_enabled":true,"_links":{"self":[{"href":"https:\/\/rnoticias.com.mx\/Portal\/wp-json\/wp\/v2\/posts\/269870","targetHints":{"allow":["GET"]}}],"collection":[{"href":"https:\/\/rnoticias.com.mx\/Portal\/wp-json\/wp\/v2\/posts"}],"about":[{"href":"https:\/\/rnoticias.com.mx\/Portal\/wp-json\/wp\/v2\/types\/post"}],"author":[{"embeddable":true,"href":"https:\/\/rnoticias.com.mx\/Portal\/wp-json\/wp\/v2\/users\/2"}],"replies":[{"embeddable":true,"href":"https:\/\/rnoticias.com.mx\/Portal\/wp-json\/wp\/v2\/comments?post=269870"}],"version-history":[{"count":1,"href":"https:\/\/rnoticias.com.mx\/Portal\/wp-json\/wp\/v2\/posts\/269870\/revisions"}],"predecessor-version":[{"id":269872,"href":"https:\/\/rnoticias.com.mx\/Portal\/wp-json\/wp\/v2\/posts\/269870\/revisions\/269872"}],"wp:featuredmedia":[{"embeddable":true,"href":"https:\/\/rnoticias.com.mx\/Portal\/wp-json\/wp\/v2\/media\/269871"}],"wp:attachment":[{"href":"https:\/\/rnoticias.com.mx\/Portal\/wp-json\/wp\/v2\/media?parent=269870"}],"wp:term":[{"taxonomy":"category","embeddable":true,"href":"https:\/\/rnoticias.com.mx\/Portal\/wp-json\/wp\/v2\/categories?post=269870"},{"taxonomy":"post_tag","embeddable":true,"href":"https:\/\/rnoticias.com.mx\/Portal\/wp-json\/wp\/v2\/tags?post=269870"}],"curies":[{"name":"wp","href":"https:\/\/api.w.org\/{rel}","templated":true}]}}