{"id":269846,"date":"2026-09-04T12:57:57","date_gmt":"2026-09-04T19:57:57","guid":{"rendered":"https:\/\/rnoticias.com.mx\/Portal\/?p=269846"},"modified":"2026-09-04T12:57:57","modified_gmt":"2026-09-04T19:57:57","slug":"clausura-profepa-zona-por-derrame-de-acido-sulfurico-en-carretera-imuris-cananea","status":"publish","type":"post","link":"https:\/\/rnoticias.com.mx\/Portal\/2026\/09\/04\/clausura-profepa-zona-por-derrame-de-acido-sulfurico-en-carretera-imuris-cananea\/","title":{"rendered":"Clausura Profepa zona por derrame de \u00e1cido sulf\u00farico en carretera \u00cdmuris-Cananea"},"content":{"rendered":"<p>Hermosillo, Sonora. La Procuradur\u00eda Federal de Protecci\u00f3n al Ambiente (Profepa) impuso una clausura total temporal en el \u00e1rea afectada por la volcadura de un tractocami\u00f3n que transportaba \u00e1cido sulf\u00farico, ocurrida el pasado 1 de septiembre en el kil\u00f3metro 97 del tramo carretero \u00cdmuris-Cananea.<\/p>\n<p>&nbsp;<\/p>\n<p>La dependencia inform\u00f3 que el veh\u00edculo pertenece a la empresa Movimientos Industriales Log\u00edsticos de Alta Calidad y que, tras el accidente, personal de Profepa acudi\u00f3 al sitio para realizar una inspecci\u00f3n y determinar las condiciones del lugar, as\u00ed como los posibles da\u00f1os a los recursos naturales. De acuerdo con la autoridad ambiental, se estima que alrededor de 12 mil litros de \u00e1cido sulf\u00farico fueron derramados.<\/p>\n<p>&nbsp;<\/p>\n<p>Como parte de las acciones urgentes, Profepa orden\u00f3 a la empresa responsable implementar medidas para contener los escurrimientos mediante barreras f\u00edsicas y diques, adem\u00e1s de acordonar y se\u00f1alizar la zona para evitar riesgos a la poblaci\u00f3n.<\/p>\n<p>&nbsp;<\/p>\n<p>Tambi\u00e9n deber\u00e1 realizar la neutralizaci\u00f3n, recolecci\u00f3n y retiro especializado del \u00e1cido, as\u00ed como del suelo, vegetaci\u00f3n y materiales contaminados. Los residuos deber\u00e1n ser trasladados para su disposici\u00f3n final por empresas autorizadas por la Secretar\u00eda de Medio Ambiente y Recursos Naturales.<\/p>\n<p>&nbsp;<\/p>\n<p>La empresa tendr\u00e1 adem\u00e1s un plazo de 10 d\u00edas h\u00e1biles para presentar los planes de muestreo y caracterizaci\u00f3n del sitio, con el objetivo de determinar el alcance del impacto y, en su caso, establecer un programa de remediaci\u00f3n ambiental.<\/p>\n<p>&nbsp;<\/p>\n<p>Profepa se\u00f1al\u00f3 que el procedimiento administrativo sancionador continuar\u00e1 conforme a la legislaci\u00f3n ambiental federal para determinar las responsabilidades legales que correspondan.<\/p>\n<p>&nbsp;<\/p>\n","protected":false},"excerpt":{"rendered":"<p>Hermosillo, Sonora. La Procuradur\u00eda Federal de Protecci\u00f3n al Ambiente (Profepa) impuso una clausura total temporal en el \u00e1rea afectada por la volcadura de un tractocami\u00f3n que transportaba \u00e1cido sulf\u00farico, ocurrida el pasado 1 de septiembre en el kil\u00f3metro 97 del tramo carretero \u00cdmuris-Cananea. &nbsp; La dependencia inform\u00f3 que el veh\u00edculo pertenece a la empresa Movimientos [&hellip;]<\/p>\n","protected":false},"author":2,"featured_media":269847,"comment_status":"closed","ping_status":"closed","sticky":false,"template":"","format":"standard","meta":{"footnotes":""},"categories":[12870,174],"tags":[12865,12873],"class_list":["post-269846","post","type-post","status-publish","format-standard","has-post-thumbnail","hentry","category-destacadas","category-estatal","tag-destacadas","tag-estatal"],"jetpack_featured_media_url":"https:\/\/rnoticias.com.mx\/Portal\/wp-content\/uploads\/2026\/09\/Derrame_SON_03.jpg","amp_enabled":true,"_links":{"self":[{"href":"https:\/\/rnoticias.com.mx\/Portal\/wp-json\/wp\/v2\/posts\/269846","targetHints":{"allow":["GET"]}}],"collection":[{"href":"https:\/\/rnoticias.com.mx\/Portal\/wp-json\/wp\/v2\/posts"}],"about":[{"href":"https:\/\/rnoticias.com.mx\/Portal\/wp-json\/wp\/v2\/types\/post"}],"author":[{"embeddable":true,"href":"https:\/\/rnoticias.com.mx\/Portal\/wp-json\/wp\/v2\/users\/2"}],"replies":[{"embeddable":true,"href":"https:\/\/rnoticias.com.mx\/Portal\/wp-json\/wp\/v2\/comments?post=269846"}],"version-history":[{"count":1,"href":"https:\/\/rnoticias.com.mx\/Portal\/wp-json\/wp\/v2\/posts\/269846\/revisions"}],"predecessor-version":[{"id":269848,"href":"https:\/\/rnoticias.com.mx\/Portal\/wp-json\/wp\/v2\/posts\/269846\/revisions\/269848"}],"wp:featuredmedia":[{"embeddable":true,"href":"https:\/\/rnoticias.com.mx\/Portal\/wp-json\/wp\/v2\/media\/269847"}],"wp:attachment":[{"href":"https:\/\/rnoticias.com.mx\/Portal\/wp-json\/wp\/v2\/media?parent=269846"}],"wp:term":[{"taxonomy":"category","embeddable":true,"href":"https:\/\/rnoticias.com.mx\/Portal\/wp-json\/wp\/v2\/categories?post=269846"},{"taxonomy":"post_tag","embeddable":true,"href":"https:\/\/rnoticias.com.mx\/Portal\/wp-json\/wp\/v2\/tags?post=269846"}],"curies":[{"name":"wp","href":"https:\/\/api.w.org\/{rel}","templated":true}]}}