{"id":269843,"date":"2026-09-04T12:57:14","date_gmt":"2026-09-04T19:57:14","guid":{"rendered":"https:\/\/rnoticias.com.mx\/Portal\/?p=269843"},"modified":"2026-09-04T12:57:14","modified_gmt":"2026-09-04T19:57:14","slug":"del-tatami-a-la-ensenanza-ana-camila-acosta-inspira-con-su-historia","status":"publish","type":"post","link":"https:\/\/rnoticias.com.mx\/Portal\/2026\/09\/04\/del-tatami-a-la-ensenanza-ana-camila-acosta-inspira-con-su-historia\/","title":{"rendered":"Del tatami a la ense\u00f1anza: Ana Camila Acosta inspira con su historia"},"content":{"rendered":"<p>Hermosillo, Sonora. M\u00e1s que una disciplina deportiva, el taekwondo se convirti\u00f3 para Ana Camila Acosta en una escuela de vida, una familia y una herramienta para ayudar a otros a descubrir su propio potencial. A sus casi 22 a\u00f1os, la joven sonorense ha dedicado la mayor parte de su vida a este arte marcial, que comenz\u00f3 a practicar cuando apenas ten\u00eda cuatro a\u00f1os.<\/p>\n<p>&nbsp;<\/p>\n<p>Su historia cobra especial significado en el marco del D\u00eda Internacional del Taekwondo, fecha que conmemora esta disciplina y deporte ol\u00edmpico. Para Ana Camila, practicarlo significa mucho m\u00e1s que conseguir medallas: representa aprender a enfrentar los temores, desarrollar confianza, mantenerse constante y vivir bajo valores como el respeto, el esfuerzo, la resiliencia y el compa\u00f1erismo.<\/p>\n<p>&nbsp;<\/p>\n<p>\u201cUno de los recuerdos que m\u00e1s ha marcado mi trayectoria ocurri\u00f3 cuando ten\u00eda apenas ocho a\u00f1os, durante un campeonato nacional en Ciudad de M\u00e9xico. Era cintur\u00f3n marr\u00f3n y deb\u00eda enfrentarme en combate contra un ni\u00f1o, ten\u00eda miedo e incluso quedo plasmado en una fotograf\u00eda donde salgo enojada antes de competir, pero finalmente logre imponerme y ganar. Hoy recuerdo aquella experiencia frente a mis alumnos para ense\u00f1arles que sentir miedo no significa ser incapaz\u201d, asever\u00f3.<\/p>\n<p>&nbsp;<\/p>\n<p>La ense\u00f1anza se convirti\u00f3 en otra de sus grandes pasiones. Desde los 15 a\u00f1os comenz\u00f3 poco a poco como maestra y, oficialmente, a los 18 siempre en las instalaciones del Centro Tradicional de Artes Marciales. Su objetivo es brindar a ni\u00f1os y j\u00f3venes herramientas que puedan acompa\u00f1arlos durante toda su vida, adem\u00e1s de fomentar la salud f\u00edsica y mental.<\/p>\n<p>&nbsp;<\/p>\n<p>Tambi\u00e9n guarda con especial cari\u00f1o los viajes con la selecci\u00f3n de Sonora, donde la convivencia entre atletas, entrenadores y padres fortalece los lazos de una verdadera familia.<\/p>\n<p>&nbsp;<\/p>\n<p>\u201cPara m\u00ed, todos esos momentos representan uno de los mayores triunfos del deporte, porque convivimos y fortalecemos nuestros lazos como grupo\u201d, dijo.<\/p>\n<p>&nbsp;<\/p>\n<p>Con toda su familia convertida en cinturones negros, Ana Camila contin\u00faa demostrando que el taekwondo no se trata solamente de lanzar patadas o subir a un podio. Es una historia de perseverancia que recuerda a ni\u00f1os, j\u00f3venes y adultos que los grandes logros comienzan cuando uno decide enfrentar sus miedos y no rendirse.<\/p>\n","protected":false},"excerpt":{"rendered":"<p>Hermosillo, Sonora. M\u00e1s que una disciplina deportiva, el taekwondo se convirti\u00f3 para Ana Camila Acosta en una escuela de vida, una familia y una herramienta para ayudar a otros a descubrir su propio potencial. A sus casi 22 a\u00f1os, la joven sonorense ha dedicado la mayor parte de su vida a este arte marcial, que [&hellip;]<\/p>\n","protected":false},"author":2,"featured_media":269844,"comment_status":"closed","ping_status":"closed","sticky":false,"template":"","format":"standard","meta":{"footnotes":""},"categories":[188,12870],"tags":[5231,12865],"class_list":["post-269843","post","type-post","status-publish","format-standard","has-post-thumbnail","hentry","category-deportes","category-destacadas","tag-deportes","tag-destacadas"],"jetpack_featured_media_url":"https:\/\/rnoticias.com.mx\/Portal\/wp-content\/uploads\/2026\/09\/camila6.jpeg","amp_enabled":true,"_links":{"self":[{"href":"https:\/\/rnoticias.com.mx\/Portal\/wp-json\/wp\/v2\/posts\/269843","targetHints":{"allow":["GET"]}}],"collection":[{"href":"https:\/\/rnoticias.com.mx\/Portal\/wp-json\/wp\/v2\/posts"}],"about":[{"href":"https:\/\/rnoticias.com.mx\/Portal\/wp-json\/wp\/v2\/types\/post"}],"author":[{"embeddable":true,"href":"https:\/\/rnoticias.com.mx\/Portal\/wp-json\/wp\/v2\/users\/2"}],"replies":[{"embeddable":true,"href":"https:\/\/rnoticias.com.mx\/Portal\/wp-json\/wp\/v2\/comments?post=269843"}],"version-history":[{"count":1,"href":"https:\/\/rnoticias.com.mx\/Portal\/wp-json\/wp\/v2\/posts\/269843\/revisions"}],"predecessor-version":[{"id":269845,"href":"https:\/\/rnoticias.com.mx\/Portal\/wp-json\/wp\/v2\/posts\/269843\/revisions\/269845"}],"wp:featuredmedia":[{"embeddable":true,"href":"https:\/\/rnoticias.com.mx\/Portal\/wp-json\/wp\/v2\/media\/269844"}],"wp:attachment":[{"href":"https:\/\/rnoticias.com.mx\/Portal\/wp-json\/wp\/v2\/media?parent=269843"}],"wp:term":[{"taxonomy":"category","embeddable":true,"href":"https:\/\/rnoticias.com.mx\/Portal\/wp-json\/wp\/v2\/categories?post=269843"},{"taxonomy":"post_tag","embeddable":true,"href":"https:\/\/rnoticias.com.mx\/Portal\/wp-json\/wp\/v2\/tags?post=269843"}],"curies":[{"name":"wp","href":"https:\/\/api.w.org\/{rel}","templated":true}]}}