{"id":269824,"date":"2026-09-04T08:53:58","date_gmt":"2026-09-04T15:53:58","guid":{"rendered":"https:\/\/rnoticias.com.mx\/Portal\/?p=269824"},"modified":"2026-09-04T08:53:58","modified_gmt":"2026-09-04T15:53:58","slug":"gobierno-de-sonora-colabora-con-empresa-internacional-especializada-en-aeronautica-utguaymas","status":"publish","type":"post","link":"https:\/\/rnoticias.com.mx\/Portal\/2026\/09\/04\/gobierno-de-sonora-colabora-con-empresa-internacional-especializada-en-aeronautica-utguaymas\/","title":{"rendered":"Gobierno de Sonora colabora con empresa internacional especializada en aeron\u00e1utica: UTGuaymas"},"content":{"rendered":"<p>Guaymas, Sonora; 4 de septiembre de 2026.- Para impulsar el Modelo de Formaci\u00f3n Dual y generar nuevas oportunidades en beneficio de las y los estudiantes, el Gobierno de Sonora, a trav\u00e9s de la Universidad Tecnol\u00f3gica de Guaymas (UTG), estableci\u00f3 colaboraci\u00f3n con BAE Systems.<\/p>\n<p>La instituci\u00f3n educativa y la empresa internacional especializada en los sectores de defensa, seguridad aeroespacial y tecnolog\u00eda de la informaci\u00f3n fomentar\u00e1n la participaci\u00f3n del alumnado en una serie de pr\u00e1cticas profesionales en la empresa, para que conozcan de cerca las \u00e1reas de operaci\u00f3n.<\/p>\n<p>El rector de la UTG, David Guillermo Pintor Hern\u00e1ndez, enfatiz\u00f3 que estas alianzas permiten que las y los j\u00f3venes universitarios lleven sus conocimientos a escenarios reales, desarrollen nuevas competencias y se preparen para los retos de la industria.<\/p>\n<p>Abund\u00f3 que como resultado del primer Hackat\u00f3n realizado en colaboraci\u00f3n con BAE Systems, 16 estudiantes de Mecatr\u00f3nica participaron en la soluci\u00f3n de problem\u00e1ticas reales de la empresa y, por su desempe\u00f1o, ocho fueron seleccionados para continuar esta experiencia durante el a\u00f1o.<\/p>\n<p>Su estancia en dicha corporaci\u00f3n multinacional, que cuenta con gran participaci\u00f3n en proyectos mundiales de alta tecnolog\u00eda aeroespacial, naval o terrestre, les dar\u00e1 la oportunidad para aprender, desarrollar talento y vivir de cerca una de las industrias con mayor crecimiento.<\/p>\n","protected":false},"excerpt":{"rendered":"<p>Guaymas, Sonora; 4 de septiembre de 2026.- Para impulsar el Modelo de Formaci\u00f3n Dual y generar nuevas oportunidades en beneficio de las y los estudiantes, el Gobierno de Sonora, a trav\u00e9s de la Universidad Tecnol\u00f3gica de Guaymas (UTG), estableci\u00f3 colaboraci\u00f3n con BAE Systems. La instituci\u00f3n educativa y la empresa internacional especializada en los sectores de [&hellip;]<\/p>\n","protected":false},"author":2,"featured_media":269825,"comment_status":"closed","ping_status":"closed","sticky":false,"template":"","format":"standard","meta":{"footnotes":""},"categories":[174],"tags":[12873],"class_list":["post-269824","post","type-post","status-publish","format-standard","has-post-thumbnail","hentry","category-estatal","tag-estatal"],"jetpack_featured_media_url":"https:\/\/rnoticias.com.mx\/Portal\/wp-content\/uploads\/2026\/09\/42-1.jpg","amp_enabled":true,"_links":{"self":[{"href":"https:\/\/rnoticias.com.mx\/Portal\/wp-json\/wp\/v2\/posts\/269824","targetHints":{"allow":["GET"]}}],"collection":[{"href":"https:\/\/rnoticias.com.mx\/Portal\/wp-json\/wp\/v2\/posts"}],"about":[{"href":"https:\/\/rnoticias.com.mx\/Portal\/wp-json\/wp\/v2\/types\/post"}],"author":[{"embeddable":true,"href":"https:\/\/rnoticias.com.mx\/Portal\/wp-json\/wp\/v2\/users\/2"}],"replies":[{"embeddable":true,"href":"https:\/\/rnoticias.com.mx\/Portal\/wp-json\/wp\/v2\/comments?post=269824"}],"version-history":[{"count":1,"href":"https:\/\/rnoticias.com.mx\/Portal\/wp-json\/wp\/v2\/posts\/269824\/revisions"}],"predecessor-version":[{"id":269826,"href":"https:\/\/rnoticias.com.mx\/Portal\/wp-json\/wp\/v2\/posts\/269824\/revisions\/269826"}],"wp:featuredmedia":[{"embeddable":true,"href":"https:\/\/rnoticias.com.mx\/Portal\/wp-json\/wp\/v2\/media\/269825"}],"wp:attachment":[{"href":"https:\/\/rnoticias.com.mx\/Portal\/wp-json\/wp\/v2\/media?parent=269824"}],"wp:term":[{"taxonomy":"category","embeddable":true,"href":"https:\/\/rnoticias.com.mx\/Portal\/wp-json\/wp\/v2\/categories?post=269824"},{"taxonomy":"post_tag","embeddable":true,"href":"https:\/\/rnoticias.com.mx\/Portal\/wp-json\/wp\/v2\/tags?post=269824"}],"curies":[{"name":"wp","href":"https:\/\/api.w.org\/{rel}","templated":true}]}}