{"id":269803,"date":"2026-09-04T06:32:21","date_gmt":"2026-09-04T13:32:21","guid":{"rendered":"https:\/\/rnoticias.com.mx\/Portal\/?p=269803"},"modified":"2026-09-04T06:32:21","modified_gmt":"2026-09-04T13:32:21","slug":"lleva-gobierno-de-sonora-su-produccion-literaria-a-la-feria-universitaria-del-libro-2026","status":"publish","type":"post","link":"https:\/\/rnoticias.com.mx\/Portal\/2026\/09\/04\/lleva-gobierno-de-sonora-su-produccion-literaria-a-la-feria-universitaria-del-libro-2026\/","title":{"rendered":"Lleva Gobierno de Sonora su producci\u00f3n literaria a la Feria Universitaria del Libro 2026"},"content":{"rendered":"<p>Hermosillo, Sonora; 4 de septiembre de 2026.- El Gobierno de Sonora, a trav\u00e9s de la Secretar\u00eda de Educaci\u00f3n y Cultura (SEC) y el Instituto Sonorense de Cultura (ISC), participar\u00e1 en la 39.\u00aa Feria Universitaria del Libro (FUL) con las Jornadas Sonorenses, un programa especial que mostrar\u00e1 la diversidad de la literatura producida en el estado.<\/p>\n<p>Organizada por la Universidad Aut\u00f3noma del Estado de Hidalgo (UAEH), la FUL se realizar\u00e1 del 4 al 13 de septiembre en Mineral de la Reforma, Hidalgo, con Filipinas como pa\u00eds invitado de honor y \u00abComercio Global\u00bb como eje tem\u00e1tico.<\/p>\n<p>El viernes 4 de septiembre se presentar\u00e1n La saga de la cultura sonorense, de Carlos Moncada Ochoa, y Por lo m\u00e1s delgado, de Roberto Corella.<\/p>\n<p>El s\u00e1bado 5 ser\u00e1 el turno de Navaja verde o negra, de Mara Romero; Bavispe, de Carlos Ren\u00e9 Padilla; Divino instinto, de Omar Monge; y Morir de tiricia y carcelazo, de Sylvia Arvizu. Mara Romero participar\u00e1 de manera virtual.<\/p>\n<p>Las jornadas concluir\u00e1n el domingo 6 con Fuerza de gravedad, de Omar Bravo; Satori, de Aziz C\u00f3rdova; Nunca fuimos humanos, de Michell Giovanni Parra Alvarado; y El jard\u00edn que habitamos, de Juan Miguel Valles Simental, quien tendr\u00e1 una intervenci\u00f3n virtual.<\/p>\n<p>El ISC contar\u00e1 adem\u00e1s con un espacio editorial de 45 metros cuadrados, integrado exclusivamente por publicaciones de su acervo, para acercar al p\u00fablico nacional e internacional una muestra de la creaci\u00f3n literaria y el patrimonio cultural de Sonora. Consulta la agenda en\u00a0<a href=\"http:\/\/cultura.sonora.gob.mx\/\" target=\"_blank\" rel=\"noopener\" data-saferedirecturl=\"https:\/\/www.google.com\/url?q=http:\/\/cultura.sonora.gob.mx&amp;source=gmail&amp;ust=1788571556287000&amp;usg=AOvVaw0yUtJY9vcmmW6x5bVTp6_9\">cultura.sonora.gob.mx<\/a>\u00a0y en @iscsonora.<\/p>\n","protected":false},"excerpt":{"rendered":"<p>Hermosillo, Sonora; 4 de septiembre de 2026.- El Gobierno de Sonora, a trav\u00e9s de la Secretar\u00eda de Educaci\u00f3n y Cultura (SEC) y el Instituto Sonorense de Cultura (ISC), participar\u00e1 en la 39.\u00aa Feria Universitaria del Libro (FUL) con las Jornadas Sonorenses, un programa especial que mostrar\u00e1 la diversidad de la literatura producida en el estado. [&hellip;]<\/p>\n","protected":false},"author":2,"featured_media":269804,"comment_status":"closed","ping_status":"closed","sticky":false,"template":"","format":"standard","meta":{"footnotes":""},"categories":[12870,178],"tags":[12865,12869],"class_list":["post-269803","post","type-post","status-publish","format-standard","has-post-thumbnail","hentry","category-destacadas","category-local","tag-destacadas","tag-local"],"jetpack_featured_media_url":"https:\/\/rnoticias.com.mx\/Portal\/wp-content\/uploads\/2026\/09\/unnamed-8.jpg","amp_enabled":true,"_links":{"self":[{"href":"https:\/\/rnoticias.com.mx\/Portal\/wp-json\/wp\/v2\/posts\/269803","targetHints":{"allow":["GET"]}}],"collection":[{"href":"https:\/\/rnoticias.com.mx\/Portal\/wp-json\/wp\/v2\/posts"}],"about":[{"href":"https:\/\/rnoticias.com.mx\/Portal\/wp-json\/wp\/v2\/types\/post"}],"author":[{"embeddable":true,"href":"https:\/\/rnoticias.com.mx\/Portal\/wp-json\/wp\/v2\/users\/2"}],"replies":[{"embeddable":true,"href":"https:\/\/rnoticias.com.mx\/Portal\/wp-json\/wp\/v2\/comments?post=269803"}],"version-history":[{"count":1,"href":"https:\/\/rnoticias.com.mx\/Portal\/wp-json\/wp\/v2\/posts\/269803\/revisions"}],"predecessor-version":[{"id":269805,"href":"https:\/\/rnoticias.com.mx\/Portal\/wp-json\/wp\/v2\/posts\/269803\/revisions\/269805"}],"wp:featuredmedia":[{"embeddable":true,"href":"https:\/\/rnoticias.com.mx\/Portal\/wp-json\/wp\/v2\/media\/269804"}],"wp:attachment":[{"href":"https:\/\/rnoticias.com.mx\/Portal\/wp-json\/wp\/v2\/media?parent=269803"}],"wp:term":[{"taxonomy":"category","embeddable":true,"href":"https:\/\/rnoticias.com.mx\/Portal\/wp-json\/wp\/v2\/categories?post=269803"},{"taxonomy":"post_tag","embeddable":true,"href":"https:\/\/rnoticias.com.mx\/Portal\/wp-json\/wp\/v2\/tags?post=269803"}],"curies":[{"name":"wp","href":"https:\/\/api.w.org\/{rel}","templated":true}]}}