{"id":269787,"date":"2026-09-03T18:24:21","date_gmt":"2026-09-04T01:24:21","guid":{"rendered":"https:\/\/rnoticias.com.mx\/Portal\/?p=269787"},"modified":"2026-09-03T18:24:21","modified_gmt":"2026-09-04T01:24:21","slug":"evacuan-oficinas-del-isssteson-en-hermosillo-tras-detectar-humo-dentro-del-edificio","status":"publish","type":"post","link":"https:\/\/rnoticias.com.mx\/Portal\/2026\/09\/03\/evacuan-oficinas-del-isssteson-en-hermosillo-tras-detectar-humo-dentro-del-edificio\/","title":{"rendered":"Evac\u00faan oficinas del ISSSTESON en Hermosillo tras detectar humo dentro del edificio"},"content":{"rendered":"<p class=\"ei-articleBody__StyledText-sc-1wmd47a-1 gXgyFY body-paragraph ei-article-body-text\" data-mrf-recirculation=\"Links art\u00edculo\">HERMOSILLO, Sonora.- Personal de las oficinas del\u00a0<b>ISSSTESON en Hermosillo<\/b>\u00a0fue evacuado de manera preventiva este jueves 3 de septiembre, luego de que se detectara humo dentro del edificio.<\/p>\n<p class=\"ei-articleBody__StyledText-sc-1wmd47a-1 gXgyFY body-paragraph ei-article-body-text\" data-mrf-recirculation=\"Links art\u00edculo\">Las brigadas internas activaron los protocolos de\u00a0<b>Protecci\u00f3n Civil<\/b>\u00a0y coordinaron la salida ordenada de las personas mientras las autoridades revisaban las instalaciones.\u00a0<b>No se reportaron lesionados<\/b>\u00a0y la situaci\u00f3n qued\u00f3 bajo control.<\/p>\n<h2 class=\"ei-articleBodyHeading__StyledHeading-sc-11axkf8-0 ksJtGZ ei-heading\">\u00bfQU\u00c9 PROVOC\u00d3 EL HUMO EN LAS OFICINAS DEL ISSSTESON?<\/h2>\n<p class=\"ei-articleBody__StyledText-sc-1wmd47a-1 gXgyFY body-paragraph ei-article-body-text\" data-mrf-recirculation=\"Links art\u00edculo\">El humo se origin\u00f3 por el\u00a0<b>sobrecalentamiento de un cable<\/b>\u00a0ubicado en el \u00e1rea de un equipo de rebombeo, seg\u00fan inform\u00f3 la\u00a0<a title=\"https:\/\/www.facebook.com\/proteccioncivilsonora\" href=\"https:\/\/www.facebook.com\/proteccioncivilsonora\" target=\"_blank\" rel=\"noopener\" data-mrf-link=\"https:\/\/www.facebook.com\/proteccioncivilsonora\">Coordinaci\u00f3n Estatal de Protecci\u00f3n Civil de Sonora<\/a>.<\/p>\n<p class=\"ei-articleBody__StyledText-sc-1wmd47a-1 gXgyFY body-paragraph ei-article-body-text\" data-mrf-recirculation=\"Links art\u00edculo\">La dependencia indic\u00f3 que las brigadas internas respondieron de manera inmediata y ordenaron la evacuaci\u00f3n como medida preventiva.<\/p>\n<h2 class=\"ei-articleBodyHeading__StyledHeading-sc-11axkf8-0 ksJtGZ ei-heading\">BOMBEROS Y PROTECCI\u00d3N CIVIL DESCARTARON M\u00c1S RIESGOS<\/h2>\n<p class=\"ei-articleBody__StyledText-sc-1wmd47a-1 gXgyFY body-paragraph ei-article-body-text\" data-mrf-recirculation=\"Links art\u00edculo\">Elementos de\u00a0<b>Bomberos, Protecci\u00f3n Civil y corporaciones de seguridad<\/b>\u00a0acudieron al inmueble para inspeccionar el \u00e1rea afectada y verificar que no existieran riesgos adicionales.<\/p>\n<p class=\"ei-articleBody__StyledText-sc-1wmd47a-1 gXgyFY body-paragraph ei-article-body-text\" data-mrf-recirculation=\"Links art\u00edculo\">Tras concluir la revisi\u00f3n, las autoridades confirmaron que el incidente se encontraba controlado y que\u00a0<b>no hab\u00eda peligro para las personas<\/b>.<\/p>\n<h2 class=\"ei-articleBodyHeading__StyledHeading-sc-11axkf8-0 ksJtGZ ei-heading\">\u00bfD\u00d3NDE SE UBICAN LAS OFICINAS GENERALES DEL ISSSTESON?<\/h2>\n<p class=\"ei-articleBody__StyledText-sc-1wmd47a-1 gXgyFY body-paragraph ei-article-body-text\" data-mrf-recirculation=\"Links art\u00edculo\">Las oficinas generales del Instituto de Seguridad y Servicios Sociales de los Trabajadores del Estado de Sonora se encuentran en el\u00a0<b>bulevar Hidalgo n\u00famero 15, colonia Centro<\/b>, en Hermosillo.<\/p>\n<p class=\"ei-articleBody__StyledText-sc-1wmd47a-1 gXgyFY body-paragraph ei-article-body-text\" data-mrf-recirculation=\"Links art\u00edculo\">Hasta el \u00faltimo reporte oficial, no se hab\u00edan informado da\u00f1os materiales de consideraci\u00f3n ni personas afectadas por el incidente.<\/p>\n<p data-mrf-recirculation=\"Links art\u00edculo\">\n<p data-mrf-recirculation=\"Links art\u00edculo\">Fuente: El Imparcial<\/p>\n","protected":false},"excerpt":{"rendered":"<p>HERMOSILLO, Sonora.- Personal de las oficinas del\u00a0ISSSTESON en Hermosillo\u00a0fue evacuado de manera preventiva este jueves 3 de septiembre, luego de que se detectara humo dentro del edificio. Las brigadas internas activaron los protocolos de\u00a0Protecci\u00f3n Civil\u00a0y coordinaron la salida ordenada de las personas mientras las autoridades revisaban las instalaciones.\u00a0No se reportaron lesionados\u00a0y la situaci\u00f3n qued\u00f3 bajo [&hellip;]<\/p>\n","protected":false},"author":2,"featured_media":269788,"comment_status":"closed","ping_status":"closed","sticky":false,"template":"","format":"standard","meta":{"footnotes":""},"categories":[12870,178],"tags":[12865,12869],"class_list":["post-269787","post","type-post","status-publish","format-standard","has-post-thumbnail","hentry","category-destacadas","category-local","tag-destacadas","tag-local"],"jetpack_featured_media_url":"https:\/\/rnoticias.com.mx\/Portal\/wp-content\/uploads\/2026\/09\/IMG_1138.webp","amp_enabled":true,"_links":{"self":[{"href":"https:\/\/rnoticias.com.mx\/Portal\/wp-json\/wp\/v2\/posts\/269787","targetHints":{"allow":["GET"]}}],"collection":[{"href":"https:\/\/rnoticias.com.mx\/Portal\/wp-json\/wp\/v2\/posts"}],"about":[{"href":"https:\/\/rnoticias.com.mx\/Portal\/wp-json\/wp\/v2\/types\/post"}],"author":[{"embeddable":true,"href":"https:\/\/rnoticias.com.mx\/Portal\/wp-json\/wp\/v2\/users\/2"}],"replies":[{"embeddable":true,"href":"https:\/\/rnoticias.com.mx\/Portal\/wp-json\/wp\/v2\/comments?post=269787"}],"version-history":[{"count":1,"href":"https:\/\/rnoticias.com.mx\/Portal\/wp-json\/wp\/v2\/posts\/269787\/revisions"}],"predecessor-version":[{"id":269789,"href":"https:\/\/rnoticias.com.mx\/Portal\/wp-json\/wp\/v2\/posts\/269787\/revisions\/269789"}],"wp:featuredmedia":[{"embeddable":true,"href":"https:\/\/rnoticias.com.mx\/Portal\/wp-json\/wp\/v2\/media\/269788"}],"wp:attachment":[{"href":"https:\/\/rnoticias.com.mx\/Portal\/wp-json\/wp\/v2\/media?parent=269787"}],"wp:term":[{"taxonomy":"category","embeddable":true,"href":"https:\/\/rnoticias.com.mx\/Portal\/wp-json\/wp\/v2\/categories?post=269787"},{"taxonomy":"post_tag","embeddable":true,"href":"https:\/\/rnoticias.com.mx\/Portal\/wp-json\/wp\/v2\/tags?post=269787"}],"curies":[{"name":"wp","href":"https:\/\/api.w.org\/{rel}","templated":true}]}}