{"id":269762,"date":"2026-09-03T18:00:54","date_gmt":"2026-09-04T01:00:54","guid":{"rendered":"https:\/\/rnoticias.com.mx\/Portal\/?p=269762"},"modified":"2026-09-03T18:00:54","modified_gmt":"2026-09-04T01:00:54","slug":"gobierno-de-sonora-realizara-la-quinta-edicion-de-la-feria-de-la-ciencia-y-tecnologia-unisierra","status":"publish","type":"post","link":"https:\/\/rnoticias.com.mx\/Portal\/2026\/09\/03\/gobierno-de-sonora-realizara-la-quinta-edicion-de-la-feria-de-la-ciencia-y-tecnologia-unisierra\/","title":{"rendered":"Gobierno de Sonora realizar\u00e1 la quinta edici\u00f3n de la Feria de la Ciencia y Tecnolog\u00eda: Unisierra"},"content":{"rendered":"<p align=\"left\">Moctezuma, Sonora; 3 de septiembre de 2026.- Con el prop\u00f3sito de fortalecer el inter\u00e9s por la ciencia, la tecnolog\u00eda y la innovaci\u00f3n entre estudiantes de los distintos niveles educativos, el Gobierno de Sonora, a trav\u00e9s de la Universidad de la Sierra (Unisierra) llevar\u00e1 a cabo la quinta edici\u00f3n de la Feria de la Ciencia y Tecnolog\u00eda (Feriacyt).<\/p>\n<p align=\"left\">Las actividades iniciar\u00e1n el jueves 1 de octubre, con la realizaci\u00f3n de nueve subsedes en planteles educativos de la regi\u00f3n, ubicados en Moctezuma, Cumpas, N\u00e1cori Chico, Bacerac, Hu\u00e9pac, Sahuaripa, Granados, Esqueda y Nacozari de Garc\u00eda, con un impacto directo en beneficio del alumnado de m\u00e1s de 18 municipios de la regi\u00f3n serrana.<\/p>\n<p align=\"left\">El rector de la Unisierra, Juan Carlos Avil\u00e9s Miranda, destac\u00f3 que Feriacyt se distingue por su car\u00e1cter participativo y descentralizado, ya que permite llevar la ciencia y la tecnolog\u00eda directamente a las comunidades de la sierra sonorense, generando espacios de aprendizaje, intercambio y participaci\u00f3n para ni\u00f1as, ni\u00f1os, adolescentes y j\u00f3venes.<\/p>\n<p align=\"left\">Se\u00f1al\u00f3 que, mediante talleres, exposiciones, demostraciones cient\u00edficas, din\u00e1micas interactivas y presentaciones de proyectos escolares, la feria busca despertar y fortalecer las vocaciones cient\u00edficas y tecnol\u00f3gicas, estimular el pensamiento cr\u00edtico y creativo, impulsar la innovaci\u00f3n y reconocer el talento estudiantil de la regi\u00f3n.<\/p>\n<p align=\"left\">El programa concluir\u00e1 el 6 de noviembre en las instalaciones de la Unisierra, donde se reunir\u00e1n estudiantes, docentes e integrantes de las comunidades escolares participantes para compartir proyectos, experiencias y conocimientos desarrollados, en un evento realizado en colaboraci\u00f3n con el Consejo Estatal de Ciencia y Tecnolog\u00eda (Coecyt) y la Sociedad Latinoamericana de Ciencia y Tecnolog\u00eda (Solacyt).<\/p>\n<p align=\"left\">En la edici\u00f3n anterior se logr\u00f3 convocar a m\u00e1s de tres mil estudiantes y se presentaron 98 proyectos escolares, reflejo del inter\u00e9s de las nuevas generaciones por el conocimiento y de su capacidad para plantear alternativas de soluci\u00f3n a problem\u00e1ticas reales desde sus propios contextos y comunidades.<\/p>\n","protected":false},"excerpt":{"rendered":"<p>Moctezuma, Sonora; 3 de septiembre de 2026.- Con el prop\u00f3sito de fortalecer el inter\u00e9s por la ciencia, la tecnolog\u00eda y la innovaci\u00f3n entre estudiantes de los distintos niveles educativos, el Gobierno de Sonora, a trav\u00e9s de la Universidad de la Sierra (Unisierra) llevar\u00e1 a cabo la quinta edici\u00f3n de la Feria de la Ciencia y [&hellip;]<\/p>\n","protected":false},"author":2,"featured_media":269763,"comment_status":"closed","ping_status":"closed","sticky":false,"template":"","format":"standard","meta":{"footnotes":""},"categories":[174],"tags":[12873],"class_list":["post-269762","post","type-post","status-publish","format-standard","has-post-thumbnail","hentry","category-estatal","tag-estatal"],"jetpack_featured_media_url":"https:\/\/rnoticias.com.mx\/Portal\/wp-content\/uploads\/2026\/09\/0t.jpg","amp_enabled":true,"_links":{"self":[{"href":"https:\/\/rnoticias.com.mx\/Portal\/wp-json\/wp\/v2\/posts\/269762","targetHints":{"allow":["GET"]}}],"collection":[{"href":"https:\/\/rnoticias.com.mx\/Portal\/wp-json\/wp\/v2\/posts"}],"about":[{"href":"https:\/\/rnoticias.com.mx\/Portal\/wp-json\/wp\/v2\/types\/post"}],"author":[{"embeddable":true,"href":"https:\/\/rnoticias.com.mx\/Portal\/wp-json\/wp\/v2\/users\/2"}],"replies":[{"embeddable":true,"href":"https:\/\/rnoticias.com.mx\/Portal\/wp-json\/wp\/v2\/comments?post=269762"}],"version-history":[{"count":1,"href":"https:\/\/rnoticias.com.mx\/Portal\/wp-json\/wp\/v2\/posts\/269762\/revisions"}],"predecessor-version":[{"id":269764,"href":"https:\/\/rnoticias.com.mx\/Portal\/wp-json\/wp\/v2\/posts\/269762\/revisions\/269764"}],"wp:featuredmedia":[{"embeddable":true,"href":"https:\/\/rnoticias.com.mx\/Portal\/wp-json\/wp\/v2\/media\/269763"}],"wp:attachment":[{"href":"https:\/\/rnoticias.com.mx\/Portal\/wp-json\/wp\/v2\/media?parent=269762"}],"wp:term":[{"taxonomy":"category","embeddable":true,"href":"https:\/\/rnoticias.com.mx\/Portal\/wp-json\/wp\/v2\/categories?post=269762"},{"taxonomy":"post_tag","embeddable":true,"href":"https:\/\/rnoticias.com.mx\/Portal\/wp-json\/wp\/v2\/tags?post=269762"}],"curies":[{"name":"wp","href":"https:\/\/api.w.org\/{rel}","templated":true}]}}