{"id":269756,"date":"2026-09-03T17:54:45","date_gmt":"2026-09-04T00:54:45","guid":{"rendered":"https:\/\/rnoticias.com.mx\/Portal\/?p=269756"},"modified":"2026-09-03T17:54:45","modified_gmt":"2026-09-04T00:54:45","slug":"gobierno-de-sonora-impulsa-el-envejecimiento-activo-con-clases-y-actividades-en-asilos","status":"publish","type":"post","link":"https:\/\/rnoticias.com.mx\/Portal\/2026\/09\/03\/gobierno-de-sonora-impulsa-el-envejecimiento-activo-con-clases-y-actividades-en-asilos\/","title":{"rendered":"Gobierno de Sonora impulsa el envejecimiento activo con clases y actividades en asilos"},"content":{"rendered":"<p align=\"left\">Hermosillo, Sonora; 3 de septiembre de 2026.- El Gobierno de Sonora, a trav\u00e9s del Instituto Sonorense para la Atenci\u00f3n de los Adultos Mayores (ISAAM), promueve un calendario simult\u00e1neo de actividades para ampliar la oferta de clases durante el mes de septiembre.<\/p>\n<p align=\"left\">Entre las actividades programadas se encuentran activaci\u00f3n f\u00edsica, aromaterapia, m\u00fasica, pintura y yoga, impartidas por cinco profesionales. Los asilos beneficiados son \u201cUna Vida con Amor\u201d, \u201cCasa Lola\u201d, \u201cArmida Velasco\u201d, \u201cVilla Los Almendros\u201d y \u201cLa Fortaleza de Mar\u00eda\u201d. Las actividades iniciar\u00e1n el lunes 7 de septiembre y concluir\u00e1n el 21 del mismo mes, a las 10:00 de la ma\u00f1ana.<\/p>\n<p align=\"left\">Los beneficios de estas actividades son diversos, ya que contribuyen a mejorar la calidad de vida de las personas adultas mayores en dimensiones como el bienestar f\u00edsico, emocional y social, al contemplar aspectos tangibles y otros que pueden observarse en su desarrollo y convivencia.<\/p>\n<p align=\"left\">En el aspecto f\u00edsico, se trabaja con activaci\u00f3n f\u00edsica y yoga, actividades que favorecen la movilidad, energ\u00eda, fortalecimiento muscular, movilidad articular, postura corporal y salud en general. En el \u00e1mbito psicol\u00f3gico, las sesiones de aromaterapia promueven la relajaci\u00f3n y facilitan el descanso durante la noche, adem\u00e1s de favorecer el estado de \u00e1nimo mediante aromas como lim\u00f3n y naranja. Algunos aceites, como el de romero, tambi\u00e9n pueden contribuir a estimular la memoria y la atenci\u00f3n.<\/p>\n<p align=\"left\">En cuanto a la sociabilidad, la clase de m\u00fasica promueve conexiones interpersonales y estimula las habilidades cognitivas, adem\u00e1s de contribuir a reducir el estr\u00e9s y fortalecer la memoria, mientras funciona como una fuente de entretenimiento.<\/p>\n<p align=\"left\">De esta manera, se generan espacios de participaci\u00f3n, convivencia y aprendizaje que favorecen una mejor calidad de vida y reconocen el derecho de las personas adultas mayores a vivir esta etapa con dignidad, bienestar y plenitud.<\/p>\n<p align=\"left\">Con el respaldo del Gobierno de Sonora, el ISAAM refrenda su compromiso de continuar generando alianzas estrat\u00e9gicas que contribuyan a consolidar una sociedad m\u00e1s incluyente, solidaria y con mayores oportunidades para este sector de la poblaci\u00f3n.<\/p>\n","protected":false},"excerpt":{"rendered":"<p>Hermosillo, Sonora; 3 de septiembre de 2026.- El Gobierno de Sonora, a trav\u00e9s del Instituto Sonorense para la Atenci\u00f3n de los Adultos Mayores (ISAAM), promueve un calendario simult\u00e1neo de actividades para ampliar la oferta de clases durante el mes de septiembre. Entre las actividades programadas se encuentran activaci\u00f3n f\u00edsica, aromaterapia, m\u00fasica, pintura y yoga, impartidas [&hellip;]<\/p>\n","protected":false},"author":2,"featured_media":269757,"comment_status":"closed","ping_status":"closed","sticky":false,"template":"","format":"standard","meta":{"footnotes":""},"categories":[178],"tags":[12869],"class_list":["post-269756","post","type-post","status-publish","format-standard","has-post-thumbnail","hentry","category-local","tag-local"],"jetpack_featured_media_url":"https:\/\/rnoticias.com.mx\/Portal\/wp-content\/uploads\/2026\/09\/unnamed-1-3.jpg","amp_enabled":true,"_links":{"self":[{"href":"https:\/\/rnoticias.com.mx\/Portal\/wp-json\/wp\/v2\/posts\/269756","targetHints":{"allow":["GET"]}}],"collection":[{"href":"https:\/\/rnoticias.com.mx\/Portal\/wp-json\/wp\/v2\/posts"}],"about":[{"href":"https:\/\/rnoticias.com.mx\/Portal\/wp-json\/wp\/v2\/types\/post"}],"author":[{"embeddable":true,"href":"https:\/\/rnoticias.com.mx\/Portal\/wp-json\/wp\/v2\/users\/2"}],"replies":[{"embeddable":true,"href":"https:\/\/rnoticias.com.mx\/Portal\/wp-json\/wp\/v2\/comments?post=269756"}],"version-history":[{"count":1,"href":"https:\/\/rnoticias.com.mx\/Portal\/wp-json\/wp\/v2\/posts\/269756\/revisions"}],"predecessor-version":[{"id":269758,"href":"https:\/\/rnoticias.com.mx\/Portal\/wp-json\/wp\/v2\/posts\/269756\/revisions\/269758"}],"wp:featuredmedia":[{"embeddable":true,"href":"https:\/\/rnoticias.com.mx\/Portal\/wp-json\/wp\/v2\/media\/269757"}],"wp:attachment":[{"href":"https:\/\/rnoticias.com.mx\/Portal\/wp-json\/wp\/v2\/media?parent=269756"}],"wp:term":[{"taxonomy":"category","embeddable":true,"href":"https:\/\/rnoticias.com.mx\/Portal\/wp-json\/wp\/v2\/categories?post=269756"},{"taxonomy":"post_tag","embeddable":true,"href":"https:\/\/rnoticias.com.mx\/Portal\/wp-json\/wp\/v2\/tags?post=269756"}],"curies":[{"name":"wp","href":"https:\/\/api.w.org\/{rel}","templated":true}]}}