{"id":269750,"date":"2026-09-03T17:43:04","date_gmt":"2026-09-04T00:43:04","guid":{"rendered":"https:\/\/rnoticias.com.mx\/Portal\/?p=269750"},"modified":"2026-09-03T17:43:04","modified_gmt":"2026-09-04T00:43:04","slug":"invita-gobierno-de-hermosillo-a-la-feria-de-adopciones-el-proximo-domingo","status":"publish","type":"post","link":"https:\/\/rnoticias.com.mx\/Portal\/2026\/09\/03\/invita-gobierno-de-hermosillo-a-la-feria-de-adopciones-el-proximo-domingo\/","title":{"rendered":"Invita Gobierno de Hermosillo a la Feria de Adopciones el pr\u00f3ximo domingo"},"content":{"rendered":"<p><b data-olk-copy-source=\"MessageBody\">Hermosillo, Sonora; 3 de septiembre, 2026.-<\/b>\u00a0El Ayuntamiento de Hermosillo, a trav\u00e9s del Instituto Municipal de Protecci\u00f3n y Bienestar Animal (IMPBA), invita a la ciudadan\u00eda a asistir a la Feria de Adopciones \u201cAdopta a tu nuevo mejor amigo\u201d, que se llevar\u00e1 a cabo este domingo 6 de septiembre frente al Parque Madero de 17:00 a las 21:00 horas.<\/p>\n<p>Con esta actividad que promueve la adopci\u00f3n responsable de animales de compa\u00f1\u00eda, las y los asistentes podr\u00e1n conocer a caninos y felinos hembras y machos en espera de un hogar y si es \u00a0decisi\u00f3n elegir a alguno para incorporarlo a los hogares.<\/p>\n<p>El IMBA llama a la ciudadan\u00eda hermosillense a ser parte de una cultura de respeto, cuidado y bienestar animal, aprovechando la oportunidad de rescatar a alguno de los perros, perras, gatos y gatas que habr\u00e1 en la feria de adopciones del pr\u00f3ximo domingo.<\/p>\n<p>La cita es en el cruce del bulevar Luis Donaldo Colosio y la calle Kennedy, en la colonia Casa Blanca, frente al Parque Madero, de las 17:00 a las 21:00 horas.<\/p>\n<p>&nbsp;<\/p>\n<p>&#8212;<\/p>\n","protected":false},"excerpt":{"rendered":"<p>Hermosillo, Sonora; 3 de septiembre, 2026.-\u00a0El Ayuntamiento de Hermosillo, a trav\u00e9s del Instituto Municipal de Protecci\u00f3n y Bienestar Animal (IMPBA), invita a la ciudadan\u00eda a asistir a la Feria de Adopciones \u201cAdopta a tu nuevo mejor amigo\u201d, que se llevar\u00e1 a cabo este domingo 6 de septiembre frente al Parque Madero de 17:00 a las [&hellip;]<\/p>\n","protected":false},"author":2,"featured_media":269751,"comment_status":"closed","ping_status":"closed","sticky":false,"template":"","format":"standard","meta":{"footnotes":""},"categories":[12870,178],"tags":[12865,12869],"class_list":["post-269750","post","type-post","status-publish","format-standard","has-post-thumbnail","hentry","category-destacadas","category-local","tag-destacadas","tag-local"],"jetpack_featured_media_url":"https:\/\/rnoticias.com.mx\/Portal\/wp-content\/uploads\/2026\/09\/ADOPTA-NUEVO-AMIGO.jpeg","amp_enabled":true,"_links":{"self":[{"href":"https:\/\/rnoticias.com.mx\/Portal\/wp-json\/wp\/v2\/posts\/269750","targetHints":{"allow":["GET"]}}],"collection":[{"href":"https:\/\/rnoticias.com.mx\/Portal\/wp-json\/wp\/v2\/posts"}],"about":[{"href":"https:\/\/rnoticias.com.mx\/Portal\/wp-json\/wp\/v2\/types\/post"}],"author":[{"embeddable":true,"href":"https:\/\/rnoticias.com.mx\/Portal\/wp-json\/wp\/v2\/users\/2"}],"replies":[{"embeddable":true,"href":"https:\/\/rnoticias.com.mx\/Portal\/wp-json\/wp\/v2\/comments?post=269750"}],"version-history":[{"count":1,"href":"https:\/\/rnoticias.com.mx\/Portal\/wp-json\/wp\/v2\/posts\/269750\/revisions"}],"predecessor-version":[{"id":269752,"href":"https:\/\/rnoticias.com.mx\/Portal\/wp-json\/wp\/v2\/posts\/269750\/revisions\/269752"}],"wp:featuredmedia":[{"embeddable":true,"href":"https:\/\/rnoticias.com.mx\/Portal\/wp-json\/wp\/v2\/media\/269751"}],"wp:attachment":[{"href":"https:\/\/rnoticias.com.mx\/Portal\/wp-json\/wp\/v2\/media?parent=269750"}],"wp:term":[{"taxonomy":"category","embeddable":true,"href":"https:\/\/rnoticias.com.mx\/Portal\/wp-json\/wp\/v2\/categories?post=269750"},{"taxonomy":"post_tag","embeddable":true,"href":"https:\/\/rnoticias.com.mx\/Portal\/wp-json\/wp\/v2\/tags?post=269750"}],"curies":[{"name":"wp","href":"https:\/\/api.w.org\/{rel}","templated":true}]}}