{"id":269732,"date":"2026-09-03T17:21:30","date_gmt":"2026-09-04T00:21:30","guid":{"rendered":"https:\/\/rnoticias.com.mx\/Portal\/?p=269732"},"modified":"2026-09-03T17:21:30","modified_gmt":"2026-09-04T00:21:30","slug":"proponen-que-quien-abandone-a-adultos-mayores-no-pueda-heredar","status":"publish","type":"post","link":"https:\/\/rnoticias.com.mx\/Portal\/2026\/09\/03\/proponen-que-quien-abandone-a-adultos-mayores-no-pueda-heredar\/","title":{"rendered":"Proponen que quien abandone a adultos mayores no pueda heredar"},"content":{"rendered":"<p class=\"wp-block-paragraph\"><strong>El diputado local de Morena, Pedro Haces Lago<\/strong>, propuso que las personas que abandonen a los adultos mayores\u00a0<strong>no puedan heredar<\/strong>.<\/p>\n<p class=\"wp-block-paragraph\">Durante la sesi\u00f3n ordinaria de este jueves en el\u00a0<strong>Congreso de la Ciudad de M\u00e9xico<\/strong>, el legislador present\u00f3 una\u00a0<strong>reforma al C\u00f3digo Civil<\/strong>\u00a0local para crear el\u00a0<strong>Registro de Abandono de Personas Mayores<\/strong>\u00a0de la Ciudad de M\u00e9xico; las personas que est\u00e9n inscritas en el mencionado registro ser\u00e1n incapaces de heredar.<\/p>\n<p class=\"wp-block-paragraph\">El legislador se\u00f1al\u00f3 que, tras las muestras de afecto en fechas festivas, existe una realidad dolorosa donde\u00a0<strong><em>\u201cmiles de personas adultas mayores viven una realidad silenciosa y dolorosa: el abandono por parte de sus propios familiares\u201d<\/em><\/strong>, un problema documentado por instituciones como la UNAM y el Consejo Ciudadano.<\/p>\n<p class=\"wp-block-paragraph\">Advirti\u00f3 que la legislaci\u00f3n actual tiene\u00a0<strong>un vac\u00edo que permite una injusticia patrimonial<\/strong>: que los mismos familiares que negaron alimentos y cuidados\u00a0<strong>reaparezcan a cobrar el patrimonio de la v\u00edctima<\/strong>.<\/p>\n<p class=\"wp-block-paragraph\"><strong><em>\u201cQuien no estuvo para cuidarla en vida puede aparecer para cobrar despu\u00e9s de su muerte, y eso no es justo\u201d<\/em><\/strong>, dijo el diputado, al sostener la premisa central de su reforma:\u00a0<strong><em>\u201cSi no estuviste para cuidarlos en vida, no vas a estar para cobrar su herencia en la muerte\u201d<\/em><\/strong>.<\/p>\n<p class=\"wp-block-paragraph\">El proyecto tambi\u00e9n\u00a0<strong>prev\u00e9 un mecanismo de cancelaci\u00f3n<\/strong>\u00a0si la persona\u00a0<strong>retoma sus obligaciones de cuidado<\/strong>, enviando un mensaje claro desde el Poder Legislativo local.<\/p>\n<p class=\"wp-block-paragraph\">Al concluir su presentaci\u00f3n, el legislador enfatiz\u00f3 que el mensaje es claro:\u00a0<strong>\u201cAbandonar a nuestros adultos mayores debe tener consecuencias\u201d<\/strong>.<\/p>\n<p>&nbsp;<\/p>\n<p>Fuente: El Universal<\/p>\n","protected":false},"excerpt":{"rendered":"<p>El diputado local de Morena, Pedro Haces Lago, propuso que las personas que abandonen a los adultos mayores\u00a0no puedan heredar. Durante la sesi\u00f3n ordinaria de este jueves en el\u00a0Congreso de la Ciudad de M\u00e9xico, el legislador present\u00f3 una\u00a0reforma al C\u00f3digo Civil\u00a0local para crear el\u00a0Registro de Abandono de Personas Mayores\u00a0de la Ciudad de M\u00e9xico; las personas [&hellip;]<\/p>\n","protected":false},"author":2,"featured_media":269733,"comment_status":"closed","ping_status":"closed","sticky":false,"template":"","format":"standard","meta":{"footnotes":""},"categories":[12870,172],"tags":[12865,12874],"class_list":["post-269732","post","type-post","status-publish","format-standard","has-post-thumbnail","hentry","category-destacadas","category-nacional","tag-destacadas","tag-nacional"],"jetpack_featured_media_url":"https:\/\/rnoticias.com.mx\/Portal\/wp-content\/uploads\/2026\/09\/adulto_mayor_-2-.jpg_1557145109.webp","amp_enabled":true,"_links":{"self":[{"href":"https:\/\/rnoticias.com.mx\/Portal\/wp-json\/wp\/v2\/posts\/269732","targetHints":{"allow":["GET"]}}],"collection":[{"href":"https:\/\/rnoticias.com.mx\/Portal\/wp-json\/wp\/v2\/posts"}],"about":[{"href":"https:\/\/rnoticias.com.mx\/Portal\/wp-json\/wp\/v2\/types\/post"}],"author":[{"embeddable":true,"href":"https:\/\/rnoticias.com.mx\/Portal\/wp-json\/wp\/v2\/users\/2"}],"replies":[{"embeddable":true,"href":"https:\/\/rnoticias.com.mx\/Portal\/wp-json\/wp\/v2\/comments?post=269732"}],"version-history":[{"count":1,"href":"https:\/\/rnoticias.com.mx\/Portal\/wp-json\/wp\/v2\/posts\/269732\/revisions"}],"predecessor-version":[{"id":269734,"href":"https:\/\/rnoticias.com.mx\/Portal\/wp-json\/wp\/v2\/posts\/269732\/revisions\/269734"}],"wp:featuredmedia":[{"embeddable":true,"href":"https:\/\/rnoticias.com.mx\/Portal\/wp-json\/wp\/v2\/media\/269733"}],"wp:attachment":[{"href":"https:\/\/rnoticias.com.mx\/Portal\/wp-json\/wp\/v2\/media?parent=269732"}],"wp:term":[{"taxonomy":"category","embeddable":true,"href":"https:\/\/rnoticias.com.mx\/Portal\/wp-json\/wp\/v2\/categories?post=269732"},{"taxonomy":"post_tag","embeddable":true,"href":"https:\/\/rnoticias.com.mx\/Portal\/wp-json\/wp\/v2\/tags?post=269732"}],"curies":[{"name":"wp","href":"https:\/\/api.w.org\/{rel}","templated":true}]}}