{"id":269729,"date":"2026-09-03T17:20:13","date_gmt":"2026-09-04T00:20:13","guid":{"rendered":"https:\/\/rnoticias.com.mx\/Portal\/?p=269729"},"modified":"2026-09-03T17:20:13","modified_gmt":"2026-09-04T00:20:13","slug":"entregan-cuerpos-de-victimas-del-multihomicidio-en-atizapan","status":"publish","type":"post","link":"https:\/\/rnoticias.com.mx\/Portal\/2026\/09\/03\/entregan-cuerpos-de-victimas-del-multihomicidio-en-atizapan\/","title":{"rendered":"Entregan cuerpos de v\u00edctimas del multihomicidio en Atizap\u00e1n"},"content":{"rendered":"<p class=\"wp-block-paragraph\">Los cuerpos de Jonathan Mel\u00e9ndez, tecladista de la banda de rock\u00a0<strong>Camilo S\u00e9ptimo;<\/strong>\u00a0su esposa, Ana Paula; su hija de tres a\u00f1os y una trabajadora dom\u00e9stica, fueron entregados a sus familiares, tras el multihomicidio ocurrido en un domicilio del fraccionamiento Gran Viure, en\u00a0<strong>Zona Esmeralda,<\/strong>\u00a0confirm\u00f3 la Fiscal\u00eda General de Justicia del Estado de M\u00e9xico (<strong>FGJEM<\/strong>).<\/p>\n<p class=\"wp-block-paragraph\">Las autoridades informaron que tambi\u00e9n fue entregado el cuerpo de la mascota de la familia, localizada sin vida dentro de la vivienda.<\/p>\n<p class=\"wp-block-paragraph\">En tanto,\u00a0<strong>el menor de seis a\u00f1os, hijo de Jonathan Mel\u00e9ndez y Ana Paula,<\/strong>\u00a0permanece bajo el resguardo de familiares.<\/p>\n<p class=\"wp-block-paragraph\">De acuerdo con las autoridades, el ni\u00f1o no ha sido entrevistado dado que la prioridad en este momento es su bienestar, por lo que su declaraci\u00f3n no forma parte de las diligencias realizadas hasta ahora.<\/p>\n<p class=\"wp-block-paragraph\">La Fiscal\u00eda General de Justicia del Estado de M\u00e9xico (FGJEM) inform\u00f3 que\u00a0<strong>Diego Sebasti\u00e1n \u201cN\u201d, de 51 a\u00f1os,\u00a0<\/strong>socio del tecladista, y Gerardo \u201cN\u201d, de 52 a\u00f1os de edad, permanecen en sede ministerial como parte de las investigaciones por el caso.<\/p>\n<p class=\"wp-block-paragraph\">La\u00a0<strong>Fiscal\u00eda mexiquense<\/strong>\u00a0mantiene la investigaci\u00f3n para establecer las circunstancias en que ocurri\u00f3 el multihomicidio y determinar la responsabilidad de los dos hombres detenidos.<\/p>\n<p>&nbsp;<\/p>\n<p>Fuente: El Universal<\/p>\n","protected":false},"excerpt":{"rendered":"<p>Los cuerpos de Jonathan Mel\u00e9ndez, tecladista de la banda de rock\u00a0Camilo S\u00e9ptimo;\u00a0su esposa, Ana Paula; su hija de tres a\u00f1os y una trabajadora dom\u00e9stica, fueron entregados a sus familiares, tras el multihomicidio ocurrido en un domicilio del fraccionamiento Gran Viure, en\u00a0Zona Esmeralda,\u00a0confirm\u00f3 la Fiscal\u00eda General de Justicia del Estado de M\u00e9xico (FGJEM). Las autoridades informaron [&hellip;]<\/p>\n","protected":false},"author":2,"featured_media":269730,"comment_status":"closed","ping_status":"closed","sticky":false,"template":"","format":"standard","meta":{"footnotes":""},"categories":[12870,172],"tags":[12865,12874],"class_list":["post-269729","post","type-post","status-publish","format-standard","has-post-thumbnail","hentry","category-destacadas","category-nacional","tag-destacadas","tag-nacional"],"jetpack_featured_media_url":"https:\/\/rnoticias.com.mx\/Portal\/wp-content\/uploads\/2026\/09\/fotojet1631-122130-1024x576-1.jpg","amp_enabled":true,"_links":{"self":[{"href":"https:\/\/rnoticias.com.mx\/Portal\/wp-json\/wp\/v2\/posts\/269729","targetHints":{"allow":["GET"]}}],"collection":[{"href":"https:\/\/rnoticias.com.mx\/Portal\/wp-json\/wp\/v2\/posts"}],"about":[{"href":"https:\/\/rnoticias.com.mx\/Portal\/wp-json\/wp\/v2\/types\/post"}],"author":[{"embeddable":true,"href":"https:\/\/rnoticias.com.mx\/Portal\/wp-json\/wp\/v2\/users\/2"}],"replies":[{"embeddable":true,"href":"https:\/\/rnoticias.com.mx\/Portal\/wp-json\/wp\/v2\/comments?post=269729"}],"version-history":[{"count":1,"href":"https:\/\/rnoticias.com.mx\/Portal\/wp-json\/wp\/v2\/posts\/269729\/revisions"}],"predecessor-version":[{"id":269731,"href":"https:\/\/rnoticias.com.mx\/Portal\/wp-json\/wp\/v2\/posts\/269729\/revisions\/269731"}],"wp:featuredmedia":[{"embeddable":true,"href":"https:\/\/rnoticias.com.mx\/Portal\/wp-json\/wp\/v2\/media\/269730"}],"wp:attachment":[{"href":"https:\/\/rnoticias.com.mx\/Portal\/wp-json\/wp\/v2\/media?parent=269729"}],"wp:term":[{"taxonomy":"category","embeddable":true,"href":"https:\/\/rnoticias.com.mx\/Portal\/wp-json\/wp\/v2\/categories?post=269729"},{"taxonomy":"post_tag","embeddable":true,"href":"https:\/\/rnoticias.com.mx\/Portal\/wp-json\/wp\/v2\/tags?post=269729"}],"curies":[{"name":"wp","href":"https:\/\/api.w.org\/{rel}","templated":true}]}}