{"id":269726,"date":"2026-09-03T17:18:35","date_gmt":"2026-09-04T00:18:35","guid":{"rendered":"https:\/\/rnoticias.com.mx\/Portal\/?p=269726"},"modified":"2026-09-03T17:18:35","modified_gmt":"2026-09-04T00:18:35","slug":"reportan-brote-de-salmonela-en-hospital-general-de-mexico","status":"publish","type":"post","link":"https:\/\/rnoticias.com.mx\/Portal\/2026\/09\/03\/reportan-brote-de-salmonela-en-hospital-general-de-mexico\/","title":{"rendered":"Reportan brote de salmonela en Hospital General de M\u00e9xico"},"content":{"rendered":"<p class=\"wp-block-paragraph\">El Hospital General de M\u00e9xico \u201cDr. Eduardo Liceaga\u201d identific\u00f3 un<strong>\u00a0brote de gastroenteritis infecciosa aguda entre m\u00e9dicos residentes y de alta especialidad,\u00a0<\/strong>asociado temporalmente al consumo de alimentos proporcionados por el servicio subrogado de comedor institucional.<\/p>\n<p class=\"wp-block-paragraph\">A trav\u00e9s de una tarjeta informativa, tanto el Hospital General como la Secretar\u00eda de Salud informaron que este evento fue identificado el 31 de agosto, por lo que las personas involucradas reciben atenci\u00f3n m\u00e9dica y se encuentran estables.<\/p>\n<p class=\"wp-block-paragraph\">En el escrito se menciona que<strong>\u00a0se registr\u00f3 un incremento s\u00fabito de personas con s\u00edntomas gastrointestinales.\u00a0<\/strong>Este hecho se hizo presente en 135 m\u00e9dicos residentes y de alta especialidad, siendo el dolor abdominal, diarrea, febr\u00edcula y v\u00f3mito los s\u00edntomas que m\u00e1s se identificaron.<\/p>\n<p class=\"wp-block-paragraph\">Al corte de este jueves 3 de septiembre, 41 personas, todas estables, permanecen hospitalizadas y est\u00e1n en vigilancia y tratamiento.<\/p>\n<p class=\"wp-block-paragraph\">Para conocer los motivos de este brote, la Secretar\u00eda de Salud y el Hospital General indicaron que se realizaron estudios de laboratorio que corroboraron la presencia de Salmonela spp. en los casos analizados; adem\u00e1s de esto, en dos de los casos se identific\u00f3 coinfecci\u00f3n con Escherichia coli enteroxig\u00e9nica (ETEC).<\/p>\n<p class=\"wp-block-paragraph\">Por ello, el Hospital General de M\u00e9xico suspendi\u00f3 de manera inmediata el servicio subrogado de comedor para m\u00e9dicos residentes y mantiene una estrategia de b\u00fasqueda y seguimiento de casos entre las personas potencialmente expuestas.<\/p>\n<p class=\"wp-block-paragraph\">Tambi\u00e9n se anunci\u00f3 que la investigaci\u00f3n epidemiol\u00f3gica y sanitaria contin\u00faa para determinar la fuente espec\u00edfica de contaminaci\u00f3n, adem\u00e1s de establecer la medidas adicionales de prevenci\u00f3n y control.<\/p>\n<h2 class=\"wp-block-heading\">Facultad de Medicina de la UNAM da seguimiento a estudiantado afectado<\/h2>\n<p class=\"wp-block-paragraph\">Por su parte, la Facultad de Medicina de la Universidad Nacional Aut\u00f3noma de M\u00e9xico (UNAM) inform\u00f3 que la ma\u00f1ana de este jueves recibi\u00f3 el reporte de un brote de enfermedad diarreica entre residentes y estudiantes de cursos de posgrado de alta especialidad en el Hospital General de M\u00e9xico \u201cDr. Eduardo Liceaga\u201d.<\/p>\n<p class=\"wp-block-paragraph\">Tras conocer los casos,\u00a0<strong>autoridades de la Divisi\u00f3n de Estudios de Posgrado acudieron al hospital para investigar lo ocurrido, dar seguimiento y brindar apoyo al estudiantado afectado.<\/strong><\/p>\n<p class=\"wp-block-paragraph\">La Facultad no precis\u00f3 el n\u00famero de personas enfermas, la causa del brote ni el estado de salud de residentes y alumnos.<\/p>\n<p class=\"wp-block-paragraph\">Indic\u00f3 que permanecer\u00e1 atenta a su evoluci\u00f3n y necesidades, adem\u00e1s de mantener la coordinaci\u00f3n con las autoridades hospitalarias para proporcionarles el acompa\u00f1amiento requerido.<\/p>\n<p class=\"wp-block-paragraph\">Las personas que necesiten apoyo pueden comunicarse con la Divisi\u00f3n de Estudios de Posgrado al tel\u00e9fono 55 56 23 72 64 o mediante el correo electr\u00f3nico [comunicacion@fmposgrado.unam.mx\u00a0(mailto:comunicacion@fmposgrado.unam.mx).<\/p>\n<p>&nbsp;<\/p>\n<p>&nbsp;<\/p>\n<p>Fuente: El Universal<\/p>\n","protected":false},"excerpt":{"rendered":"<p>El Hospital General de M\u00e9xico \u201cDr. Eduardo Liceaga\u201d identific\u00f3 un\u00a0brote de gastroenteritis infecciosa aguda entre m\u00e9dicos residentes y de alta especialidad,\u00a0asociado temporalmente al consumo de alimentos proporcionados por el servicio subrogado de comedor institucional. A trav\u00e9s de una tarjeta informativa, tanto el Hospital General como la Secretar\u00eda de Salud informaron que este evento fue identificado [&hellip;]<\/p>\n","protected":false},"author":2,"featured_media":269727,"comment_status":"closed","ping_status":"closed","sticky":false,"template":"","format":"standard","meta":{"footnotes":""},"categories":[12870,172],"tags":[12865,12874],"class_list":["post-269726","post","type-post","status-publish","format-standard","has-post-thumbnail","hentry","category-destacadas","category-nacional","tag-destacadas","tag-nacional"],"jetpack_featured_media_url":"https:\/\/rnoticias.com.mx\/Portal\/wp-content\/uploads\/2026\/09\/salmonela.jpg","amp_enabled":true,"_links":{"self":[{"href":"https:\/\/rnoticias.com.mx\/Portal\/wp-json\/wp\/v2\/posts\/269726","targetHints":{"allow":["GET"]}}],"collection":[{"href":"https:\/\/rnoticias.com.mx\/Portal\/wp-json\/wp\/v2\/posts"}],"about":[{"href":"https:\/\/rnoticias.com.mx\/Portal\/wp-json\/wp\/v2\/types\/post"}],"author":[{"embeddable":true,"href":"https:\/\/rnoticias.com.mx\/Portal\/wp-json\/wp\/v2\/users\/2"}],"replies":[{"embeddable":true,"href":"https:\/\/rnoticias.com.mx\/Portal\/wp-json\/wp\/v2\/comments?post=269726"}],"version-history":[{"count":1,"href":"https:\/\/rnoticias.com.mx\/Portal\/wp-json\/wp\/v2\/posts\/269726\/revisions"}],"predecessor-version":[{"id":269728,"href":"https:\/\/rnoticias.com.mx\/Portal\/wp-json\/wp\/v2\/posts\/269726\/revisions\/269728"}],"wp:featuredmedia":[{"embeddable":true,"href":"https:\/\/rnoticias.com.mx\/Portal\/wp-json\/wp\/v2\/media\/269727"}],"wp:attachment":[{"href":"https:\/\/rnoticias.com.mx\/Portal\/wp-json\/wp\/v2\/media?parent=269726"}],"wp:term":[{"taxonomy":"category","embeddable":true,"href":"https:\/\/rnoticias.com.mx\/Portal\/wp-json\/wp\/v2\/categories?post=269726"},{"taxonomy":"post_tag","embeddable":true,"href":"https:\/\/rnoticias.com.mx\/Portal\/wp-json\/wp\/v2\/tags?post=269726"}],"curies":[{"name":"wp","href":"https:\/\/api.w.org\/{rel}","templated":true}]}}