{"id":269684,"date":"2026-09-03T12:19:07","date_gmt":"2026-09-03T19:19:07","guid":{"rendered":"https:\/\/rnoticias.com.mx\/Portal\/?p=269684"},"modified":"2026-09-03T12:19:07","modified_gmt":"2026-09-03T19:19:07","slug":"gobierno-de-sonora-invita-a-disfrutar-un-fin-de-semana-de-cultura-y-aprendizaje-en-el-bosque-urbano-la-sauceda","status":"publish","type":"post","link":"https:\/\/rnoticias.com.mx\/Portal\/2026\/09\/03\/gobierno-de-sonora-invita-a-disfrutar-un-fin-de-semana-de-cultura-y-aprendizaje-en-el-bosque-urbano-la-sauceda\/","title":{"rendered":"Gobierno de Sonora invita a disfrutar un fin de semana de cultura y aprendizaje en el Bosque Urbano La Sauceda"},"content":{"rendered":"<p align=\"left\">Hermosillo, Sonora; 3 de septiembre de 2026.- El Gobierno de Sonora, a trav\u00e9s del Bosque Urbano La Sauceda, invita a las familias y visitantes a disfrutar este fin de semana de una programaci\u00f3n gratuita que re\u00fane actividades ambientales, educativas, culturales y recreativas para diferentes edades.<\/p>\n<p align=\"left\">Este viernes 4 de septiembre a las 19:00 horas, se llevar\u00e1 a cabo una edici\u00f3n especial de Econversando: \u201cCalor extremo y justicia clim\u00e1tica: mapeando experiencias inclusivas de adaptaci\u00f3n y resiliencia\u201d, con la participaci\u00f3n de la Dra. Francesca Peroni, de la Universidad de Padua, Italia, quien compartir\u00e1 experiencias y casos de estudio sobre estrategias de adaptaci\u00f3n y resiliencia ante las altas temperaturas. La charla se realizar\u00e1 en el Kiosco Central y forma parte del proyecto RESTART \u2013 Urban Climate Justice and Community Participation Towards Inclusive Adaptation Strategies.<\/p>\n<p align=\"left\">El s\u00e1bado 5 de septiembre, las actividades comenzar\u00e1n a las 7:00 horas con una Jornada de limpieza y conservaci\u00f3n, para continuar con el Taller de cer\u00e1mica: Flora y fauna regional, de 9:00 a 11:00 horas, y Peque\u00f1os Guardabosques: Pintura en caballetes, a las 18:00 horas, en el Humedal.<\/p>\n<p align=\"left\">Para el domingo 6 de septiembre, la programaci\u00f3n comenzar\u00e1 desde temprano con una nueva Jornada de limpieza y conservaci\u00f3n a las 7:00 horas y el Taller de cer\u00e1mica: Flora y fauna regional, de 9:00 a 11:00 horas. Tambi\u00e9n se ofrecer\u00e1 un Taller de Movilidad Terap\u00e9utica y Funcional para Personas Mayores de 60 a\u00f1os, a las 8:30 horas, y un Bazar Cultural a partir de las 17:00 horas.<\/p>\n<p align=\"left\">De manera especial, se invita a las familias a disfrutar a las 19:00 horas de \u201cDomingo en el Bosque: Tradici\u00f3n y folclor\u201d, una tarde dedicada a la cultura y las expresiones tradicionales que tendr\u00e1 lugar en el Foro al Aire Libre, como parte de las actividades para disfrutar y convivir en este espacio.<\/p>\n<p align=\"left\">El Gobierno de Sonora invita a la comunidad a aprovechar este fin de semana para aprender, participar, convivir y disfrutar de La Sauceda, con actividades gratuitas y propuestas para distintos gustos y edades.<\/p>\n","protected":false},"excerpt":{"rendered":"<p>Hermosillo, Sonora; 3 de septiembre de 2026.- El Gobierno de Sonora, a trav\u00e9s del Bosque Urbano La Sauceda, invita a las familias y visitantes a disfrutar este fin de semana de una programaci\u00f3n gratuita que re\u00fane actividades ambientales, educativas, culturales y recreativas para diferentes edades. Este viernes 4 de septiembre a las 19:00 horas, se [&hellip;]<\/p>\n","protected":false},"author":2,"featured_media":269685,"comment_status":"closed","ping_status":"closed","sticky":false,"template":"","format":"standard","meta":{"footnotes":""},"categories":[12870,178],"tags":[12865,12869],"class_list":["post-269684","post","type-post","status-publish","format-standard","has-post-thumbnail","hentry","category-destacadas","category-local","tag-destacadas","tag-local"],"jetpack_featured_media_url":"https:\/\/rnoticias.com.mx\/Portal\/wp-content\/uploads\/2026\/09\/7g.jpg","amp_enabled":true,"_links":{"self":[{"href":"https:\/\/rnoticias.com.mx\/Portal\/wp-json\/wp\/v2\/posts\/269684","targetHints":{"allow":["GET"]}}],"collection":[{"href":"https:\/\/rnoticias.com.mx\/Portal\/wp-json\/wp\/v2\/posts"}],"about":[{"href":"https:\/\/rnoticias.com.mx\/Portal\/wp-json\/wp\/v2\/types\/post"}],"author":[{"embeddable":true,"href":"https:\/\/rnoticias.com.mx\/Portal\/wp-json\/wp\/v2\/users\/2"}],"replies":[{"embeddable":true,"href":"https:\/\/rnoticias.com.mx\/Portal\/wp-json\/wp\/v2\/comments?post=269684"}],"version-history":[{"count":1,"href":"https:\/\/rnoticias.com.mx\/Portal\/wp-json\/wp\/v2\/posts\/269684\/revisions"}],"predecessor-version":[{"id":269686,"href":"https:\/\/rnoticias.com.mx\/Portal\/wp-json\/wp\/v2\/posts\/269684\/revisions\/269686"}],"wp:featuredmedia":[{"embeddable":true,"href":"https:\/\/rnoticias.com.mx\/Portal\/wp-json\/wp\/v2\/media\/269685"}],"wp:attachment":[{"href":"https:\/\/rnoticias.com.mx\/Portal\/wp-json\/wp\/v2\/media?parent=269684"}],"wp:term":[{"taxonomy":"category","embeddable":true,"href":"https:\/\/rnoticias.com.mx\/Portal\/wp-json\/wp\/v2\/categories?post=269684"},{"taxonomy":"post_tag","embeddable":true,"href":"https:\/\/rnoticias.com.mx\/Portal\/wp-json\/wp\/v2\/tags?post=269684"}],"curies":[{"name":"wp","href":"https:\/\/api.w.org\/{rel}","templated":true}]}}