{"id":269678,"date":"2026-09-03T11:00:13","date_gmt":"2026-09-03T18:00:13","guid":{"rendered":"https:\/\/rnoticias.com.mx\/Portal\/?p=269678"},"modified":"2026-09-03T11:00:13","modified_gmt":"2026-09-03T18:00:13","slug":"jubilados-de-cfe-exigen-respeto-a-derechos-adquiridos-y-certeza-juridica","status":"publish","type":"post","link":"https:\/\/rnoticias.com.mx\/Portal\/2026\/09\/03\/jubilados-de-cfe-exigen-respeto-a-derechos-adquiridos-y-certeza-juridica\/","title":{"rendered":"Jubilados de CFE exigen respeto a derechos adquiridos y certeza jur\u00eddica"},"content":{"rendered":"<p>Hermosillo, Sonora. Integrantes de la Alianza Nacional de Jubilados se manifestaron en el Congreso de Sonora para exigir respeto a su trayectoria laboral, a sus derechos adquiridos y mayor certeza jur\u00eddica sobre sus pensiones.<\/p>\n<p>&nbsp;<\/p>\n<p>Julieta Carranza, representante de la organizaci\u00f3n, explic\u00f3 que la protesta forma parte de una movilizaci\u00f3n nacional realizada en los 32 estados de la Rep\u00fablica.<\/p>\n<p>&nbsp;<\/p>\n<p>\u201cUno de sus principales reclamos es que se reconozcan los a\u00f1os de servicio de quienes laboraron durante 25, 30 o hasta 35 a\u00f1os en empresas paraestatales, particularmente en la Comisi\u00f3n Federal de Electricidad, bajo condiciones de riesgo, responsabilidad y alta especializaci\u00f3n\u201d, asever\u00f3.<\/p>\n<p>&nbsp;<\/p>\n<p>Carranza rechaz\u00f3 se\u00f1alamientos de que los jubilados obtuvieron pensiones excesivas tras trabajar pocos a\u00f1os y afirm\u00f3 que se trata de personas con amplia preparaci\u00f3n y certificaciones. Adem\u00e1s, pidi\u00f3 garantizar que los contratos y derechos adquiridos sean respetados a lo largo del tiempo.<\/p>\n<p>&nbsp;<\/p>\n<p>Ante la discusi\u00f3n del presupuesto, inform\u00f3 que mantienen acercamientos con legisladores y distintas fuerzas pol\u00edticas para buscar una soluci\u00f3n pac\u00edfica al conflicto.<\/p>\n<p>&nbsp;<\/p>\n","protected":false},"excerpt":{"rendered":"<p>Hermosillo, Sonora. Integrantes de la Alianza Nacional de Jubilados se manifestaron en el Congreso de Sonora para exigir respeto a su trayectoria laboral, a sus derechos adquiridos y mayor certeza jur\u00eddica sobre sus pensiones. &nbsp; Julieta Carranza, representante de la organizaci\u00f3n, explic\u00f3 que la protesta forma parte de una movilizaci\u00f3n nacional realizada en los 32 [&hellip;]<\/p>\n","protected":false},"author":2,"featured_media":269679,"comment_status":"closed","ping_status":"closed","sticky":false,"template":"","format":"standard","meta":{"footnotes":""},"categories":[12870,178],"tags":[12865,12869],"class_list":["post-269678","post","type-post","status-publish","format-standard","has-post-thumbnail","hentry","category-destacadas","category-local","tag-destacadas","tag-local"],"jetpack_featured_media_url":"https:\/\/rnoticias.com.mx\/Portal\/wp-content\/uploads\/2026\/09\/WhatsApp-Image-2026-09-03-at-d10.03.49-AM.jpeg","amp_enabled":true,"_links":{"self":[{"href":"https:\/\/rnoticias.com.mx\/Portal\/wp-json\/wp\/v2\/posts\/269678","targetHints":{"allow":["GET"]}}],"collection":[{"href":"https:\/\/rnoticias.com.mx\/Portal\/wp-json\/wp\/v2\/posts"}],"about":[{"href":"https:\/\/rnoticias.com.mx\/Portal\/wp-json\/wp\/v2\/types\/post"}],"author":[{"embeddable":true,"href":"https:\/\/rnoticias.com.mx\/Portal\/wp-json\/wp\/v2\/users\/2"}],"replies":[{"embeddable":true,"href":"https:\/\/rnoticias.com.mx\/Portal\/wp-json\/wp\/v2\/comments?post=269678"}],"version-history":[{"count":1,"href":"https:\/\/rnoticias.com.mx\/Portal\/wp-json\/wp\/v2\/posts\/269678\/revisions"}],"predecessor-version":[{"id":269680,"href":"https:\/\/rnoticias.com.mx\/Portal\/wp-json\/wp\/v2\/posts\/269678\/revisions\/269680"}],"wp:featuredmedia":[{"embeddable":true,"href":"https:\/\/rnoticias.com.mx\/Portal\/wp-json\/wp\/v2\/media\/269679"}],"wp:attachment":[{"href":"https:\/\/rnoticias.com.mx\/Portal\/wp-json\/wp\/v2\/media?parent=269678"}],"wp:term":[{"taxonomy":"category","embeddable":true,"href":"https:\/\/rnoticias.com.mx\/Portal\/wp-json\/wp\/v2\/categories?post=269678"},{"taxonomy":"post_tag","embeddable":true,"href":"https:\/\/rnoticias.com.mx\/Portal\/wp-json\/wp\/v2\/tags?post=269678"}],"curies":[{"name":"wp","href":"https:\/\/api.w.org\/{rel}","templated":true}]}}