{"id":269643,"date":"2026-09-02T22:20:50","date_gmt":"2026-09-03T05:20:50","guid":{"rendered":"https:\/\/rnoticias.com.mx\/Portal\/?p=269643"},"modified":"2026-09-02T22:20:50","modified_gmt":"2026-09-03T05:20:50","slug":"camilo-septimo-publica-mensaje-tras-muerte-de-jonathan-melendez","status":"publish","type":"post","link":"https:\/\/rnoticias.com.mx\/Portal\/2026\/09\/02\/camilo-septimo-publica-mensaje-tras-muerte-de-jonathan-melendez\/","title":{"rendered":"Camilo S\u00e9ptimo publica mensaje tras muerte de Jonathan Mel\u00e9ndez"},"content":{"rendered":"<p>El grupo\u00a0<strong>Camilo S\u00e9ptimo<\/strong>\u00a0expres\u00f3 su profundo pesar por la muerte de\u00a0<strong>Jonathan Samuel Mel\u00e9ndez Ochoa<\/strong>, conocido como &#8220;<strong>Honas<\/strong>&#8220;, tecladista y uno de los integrantes fundadores de la agrupaci\u00f3n, quien fue localizado sin vida en su domicilio.<\/p>\n<p>Las autoridades confirmaron este mi\u00e9rcoles el hallazgo del m\u00fasico en un inmueble ubicado en Atizap\u00e1n de Zaragoza, Estado de M\u00e9xico.\u00a0<mark>En el mismo lugar tambi\u00e9n fueron encontrados los cuerpos de su esposa embarazada, su hija de tres a\u00f1os y una de sus trabajadoras<\/mark>.<\/p>\n<p>Tras permanecer en silencio durante las primeras horas posteriores a la tragedia, los integrantes de Camilo S\u00e9ptimo utilizaron sus redes sociales\u00a0<strong>para dedicar un emotivo mensaje a quien consideraban un hermano<\/strong>. Aunque reconocieron sentirse devastados por la p\u00e9rdida, decidieron recordar y celebrar la vida, trayectoria y legado musical de Honas.<\/p>\n<p><i>&#8220;Lo recordaremos siempre con inmenso amor y gratitud. Hoy honramos y celebramos su vida, su m\u00fasica, su luz y lo compartido con quienes tuvimos la fortuna de conocerlo y hacer camino con \u00e9l&#8221;<\/i>, compartieron los m\u00fasicos.<\/p>\n<p><mark>La agrupaci\u00f3n tambi\u00e9n extern\u00f3 sus condolencias a los familiares y amigos de Aleyda Romero<\/mark>, quien colaboraba con la banda y perdi\u00f3 la vida en el mismo multihomicidio. Asimismo, reconocieron las labores de las autoridades del Estado de M\u00e9xico para investigar el caso, localizar a los responsables y esclarecer los hechos, aunque evitaron proporcionar mayores detalles.<\/p>\n<p>Jonathan Mel\u00e9ndez fue uno de los fundadores de Camilo S\u00e9ptimo y durante m\u00e1s de una d\u00e9cada form\u00f3 parte del proyecto musical, acompa\u00f1\u00e1ndolo en escenarios de distintas partes del pa\u00eds y contribuyendo al crecimiento de la banda.<\/p>\n<p>Finalmente,\u00a0<strong>los integrantes de la agrupaci\u00f3n dedicaron unas palabras para recordar a su compa\u00f1ero y a su familia<\/strong>: &#8220;En memoria de Honas, su esposa, Ana Paula, y su querida hija, quienes vivir\u00e1n por siempre en nuestros corazones&#8221;.<\/p>\n","protected":false},"excerpt":{"rendered":"<p>El grupo\u00a0Camilo S\u00e9ptimo\u00a0expres\u00f3 su profundo pesar por la muerte de\u00a0Jonathan Samuel Mel\u00e9ndez Ochoa, conocido como &#8220;Honas&#8220;, tecladista y uno de los integrantes fundadores de la agrupaci\u00f3n, quien fue localizado sin vida en su domicilio. Las autoridades confirmaron este mi\u00e9rcoles el hallazgo del m\u00fasico en un inmueble ubicado en Atizap\u00e1n de Zaragoza, Estado de M\u00e9xico.\u00a0En el [&hellip;]<\/p>\n","protected":false},"author":2,"featured_media":269644,"comment_status":"closed","ping_status":"closed","sticky":false,"template":"","format":"standard","meta":{"footnotes":""},"categories":[12870,219],"tags":[12865,12875],"class_list":["post-269643","post","type-post","status-publish","format-standard","has-post-thumbnail","hentry","category-destacadas","category-espectaculos","tag-destacadas","tag-espectaculos"],"jetpack_featured_media_url":"https:\/\/rnoticias.com.mx\/Portal\/wp-content\/uploads\/2026\/09\/Camilo-Septimo-Bajamos-a-un-plano-terrenal-ahora-nos-toca-volar-hacia-las-estrellas.jpg","amp_enabled":true,"_links":{"self":[{"href":"https:\/\/rnoticias.com.mx\/Portal\/wp-json\/wp\/v2\/posts\/269643","targetHints":{"allow":["GET"]}}],"collection":[{"href":"https:\/\/rnoticias.com.mx\/Portal\/wp-json\/wp\/v2\/posts"}],"about":[{"href":"https:\/\/rnoticias.com.mx\/Portal\/wp-json\/wp\/v2\/types\/post"}],"author":[{"embeddable":true,"href":"https:\/\/rnoticias.com.mx\/Portal\/wp-json\/wp\/v2\/users\/2"}],"replies":[{"embeddable":true,"href":"https:\/\/rnoticias.com.mx\/Portal\/wp-json\/wp\/v2\/comments?post=269643"}],"version-history":[{"count":1,"href":"https:\/\/rnoticias.com.mx\/Portal\/wp-json\/wp\/v2\/posts\/269643\/revisions"}],"predecessor-version":[{"id":269645,"href":"https:\/\/rnoticias.com.mx\/Portal\/wp-json\/wp\/v2\/posts\/269643\/revisions\/269645"}],"wp:featuredmedia":[{"embeddable":true,"href":"https:\/\/rnoticias.com.mx\/Portal\/wp-json\/wp\/v2\/media\/269644"}],"wp:attachment":[{"href":"https:\/\/rnoticias.com.mx\/Portal\/wp-json\/wp\/v2\/media?parent=269643"}],"wp:term":[{"taxonomy":"category","embeddable":true,"href":"https:\/\/rnoticias.com.mx\/Portal\/wp-json\/wp\/v2\/categories?post=269643"},{"taxonomy":"post_tag","embeddable":true,"href":"https:\/\/rnoticias.com.mx\/Portal\/wp-json\/wp\/v2\/tags?post=269643"}],"curies":[{"name":"wp","href":"https:\/\/api.w.org\/{rel}","templated":true}]}}