{"id":269636,"date":"2026-09-02T22:17:52","date_gmt":"2026-09-03T05:17:52","guid":{"rendered":"https:\/\/rnoticias.com.mx\/Portal\/?p=269636"},"modified":"2026-09-02T22:17:52","modified_gmt":"2026-09-03T05:17:52","slug":"balean-al-coordinador-de-proteccion-civil-de-mazatlan-informa-seguridad-de-sinaloa","status":"publish","type":"post","link":"https:\/\/rnoticias.com.mx\/Portal\/2026\/09\/02\/balean-al-coordinador-de-proteccion-civil-de-mazatlan-informa-seguridad-de-sinaloa\/","title":{"rendered":"Balean al coordinador de Protecci\u00f3n Civil de Mazatl\u00e1n, informa Seguridad de Sinaloa"},"content":{"rendered":"<div>\n<p class=\"text-align-justify\">\u00d3scar Roberto Osuna\u00a0Tirado, el coordinador de Protecci\u00f3n Civil de Mazatl\u00e1n, Sinaloa, fue baleado la ma\u00f1ana de este mi\u00e9rcoles 2 de septiembre mientras viajaba en una camioneta junto a otra persona, cuya identidad no ha sido revelada a\u00fan.<\/p>\n<p class=\"text-align-justify\">Seg\u00fan la Secretar\u00eda de Seguridad y Protecci\u00f3n del estado de Sinaloa, hombres armados dispararon contra un veh\u00edculo en el que circulaba el funcionario municipal en Mazatl\u00e1n, uno de los municipios m\u00e1s tur\u00edsticos por sus playas.<\/p>\n<\/div>\n<div>\n<p class=\"text-align-justify\">Los pasajeros resultaron lesionados y actualmente reciben atenci\u00f3n m\u00e9dica, sin embargo, las autoridades locales no detallaron la gravedad de las heridas ni en qu\u00e9 estado se encuentran las v\u00edctimas.<\/p>\n<p class=\"text-align-justify\">Seg\u00fan medios de comunicaci\u00f3n locales, Osuna\u00a0Tirado sufri\u00f3 una herida en la cabeza por una esquirla. Presuntamente, las v\u00edctimas\u00a0circulaban en un veh\u00edculo que es propiedad de\u00a0Protecci\u00f3n Civil Mazatl\u00e1n y los disparos se hicieron contra el parabrisas y la venta izquierda de la parte trasera de la unidad.<\/p>\n<p class=\"text-align-justify\">Frente a los \u00faltimos hechos violentos que se han registrado en Mazatl\u00e1n, el Gabinete de Seguridad tuvo que desplegar mil 700 elementos de la Secretar\u00eda de la Marina (Semar) en la ciudad tur\u00edstica para reforzar la seguridad.<\/p>\n<p class=\"text-align-justify\">_<\/p>\n<\/div>\n","protected":false},"excerpt":{"rendered":"<p>\u00d3scar Roberto Osuna\u00a0Tirado, el coordinador de Protecci\u00f3n Civil de Mazatl\u00e1n, Sinaloa, fue baleado la ma\u00f1ana de este mi\u00e9rcoles 2 de septiembre mientras viajaba en una camioneta junto a otra persona, cuya identidad no ha sido revelada a\u00fan. Seg\u00fan la Secretar\u00eda de Seguridad y Protecci\u00f3n del estado de Sinaloa, hombres armados dispararon contra un veh\u00edculo en [&hellip;]<\/p>\n","protected":false},"author":2,"featured_media":269637,"comment_status":"closed","ping_status":"closed","sticky":false,"template":"","format":"standard","meta":{"footnotes":""},"categories":[12870,172],"tags":[12865,12874],"class_list":["post-269636","post","type-post","status-publish","format-standard","has-post-thumbnail","hentry","category-destacadas","category-nacional","tag-destacadas","tag-nacional"],"jetpack_featured_media_url":"https:\/\/rnoticias.com.mx\/Portal\/wp-content\/uploads\/2026\/09\/XYP6PWYRTZHHBMNEXBUWLEDYCQ.jpg","amp_enabled":true,"_links":{"self":[{"href":"https:\/\/rnoticias.com.mx\/Portal\/wp-json\/wp\/v2\/posts\/269636","targetHints":{"allow":["GET"]}}],"collection":[{"href":"https:\/\/rnoticias.com.mx\/Portal\/wp-json\/wp\/v2\/posts"}],"about":[{"href":"https:\/\/rnoticias.com.mx\/Portal\/wp-json\/wp\/v2\/types\/post"}],"author":[{"embeddable":true,"href":"https:\/\/rnoticias.com.mx\/Portal\/wp-json\/wp\/v2\/users\/2"}],"replies":[{"embeddable":true,"href":"https:\/\/rnoticias.com.mx\/Portal\/wp-json\/wp\/v2\/comments?post=269636"}],"version-history":[{"count":1,"href":"https:\/\/rnoticias.com.mx\/Portal\/wp-json\/wp\/v2\/posts\/269636\/revisions"}],"predecessor-version":[{"id":269638,"href":"https:\/\/rnoticias.com.mx\/Portal\/wp-json\/wp\/v2\/posts\/269636\/revisions\/269638"}],"wp:featuredmedia":[{"embeddable":true,"href":"https:\/\/rnoticias.com.mx\/Portal\/wp-json\/wp\/v2\/media\/269637"}],"wp:attachment":[{"href":"https:\/\/rnoticias.com.mx\/Portal\/wp-json\/wp\/v2\/media?parent=269636"}],"wp:term":[{"taxonomy":"category","embeddable":true,"href":"https:\/\/rnoticias.com.mx\/Portal\/wp-json\/wp\/v2\/categories?post=269636"},{"taxonomy":"post_tag","embeddable":true,"href":"https:\/\/rnoticias.com.mx\/Portal\/wp-json\/wp\/v2\/tags?post=269636"}],"curies":[{"name":"wp","href":"https:\/\/api.w.org\/{rel}","templated":true}]}}