{"id":269615,"date":"2026-09-02T22:03:27","date_gmt":"2026-09-03T05:03:27","guid":{"rendered":"https:\/\/rnoticias.com.mx\/Portal\/?p=269615"},"modified":"2026-09-02T22:03:27","modified_gmt":"2026-09-03T05:03:27","slug":"constructores-seran-aliados-del-desarrollo-y-la-transformacion-de-sonora-celida-lopez","status":"publish","type":"post","link":"https:\/\/rnoticias.com.mx\/Portal\/2026\/09\/02\/constructores-seran-aliados-del-desarrollo-y-la-transformacion-de-sonora-celida-lopez\/","title":{"rendered":"Constructores ser\u00e1n aliados del desarrollo y la transformaci\u00f3n de Sonora: Celida L\u00f3pez"},"content":{"rendered":"<p>Hermosillo, Sonora; 02 de septiembre de 2026.- El sector de la construcci\u00f3n es aliado del desarrollo, por lo que hay coincidencia en la visi\u00f3n de que Sonora tiene un potencial enorme para desarrollarse, al contar con las mejores rutas que comunican a Sonora y al resto del pa\u00eds con el mercado m\u00e1s grande que es Arizona y Estados Unidos, destac\u00f3 Celida L\u00f3pez, en reuni\u00f3n con integrantes de la C\u00e1mara Mexicana de la Industria de la Construcci\u00f3n (CMIC).<\/p>\n<p>La aspirante a la Coordinaci\u00f3n de los Comit\u00e9s de Defensa de la Transformaci\u00f3n y la Soberan\u00eda Nacional en Sonora, sostuvo un encuentro con los afiliados a la CMIC, con quienes comparti\u00f3 sus intenciones y escuch\u00f3 los planteamientos de los constructores sobre los retos del sector, la obra p\u00fablica y la participaci\u00f3n de empresas locales.<\/p>\n<p>\u201cLos constructores son aliados fundamentales para transformar nuestras comunidades. Debemos fortalecer a las empresas sonorenses, impulsar su participaci\u00f3n en proyectos estrat\u00e9gicos y generar empleos que lleven bienestar a las familias\u201d, expres\u00f3.<\/p>\n<p>Celida L\u00f3pez destac\u00f3 que Sonora vive un auge en conectividad carretera y mar\u00edtima, fortalecido por la modernizaci\u00f3n del Puerto de Guaymas y las obras que enlazan las regiones productivas con nuevos mercados nacionales e internacionales.<\/p>\n<p>Asegur\u00f3 que la coordinaci\u00f3n entre la presidenta Claudia Sheinbaum y el gobernador Alfonso Durazo, consolidar\u00e1 a Sonora como plataforma log\u00edstica.<\/p>\n","protected":false},"excerpt":{"rendered":"<p>Hermosillo, Sonora; 02 de septiembre de 2026.- El sector de la construcci\u00f3n es aliado del desarrollo, por lo que hay coincidencia en la visi\u00f3n de que Sonora tiene un potencial enorme para desarrollarse, al contar con las mejores rutas que comunican a Sonora y al resto del pa\u00eds con el mercado m\u00e1s grande que es [&hellip;]<\/p>\n","protected":false},"author":2,"featured_media":269616,"comment_status":"closed","ping_status":"closed","sticky":false,"template":"","format":"standard","meta":{"footnotes":""},"categories":[12870,12868],"tags":[12865,12879],"class_list":["post-269615","post","type-post","status-publish","format-standard","has-post-thumbnail","hentry","category-destacadas","category-politica","tag-destacadas","tag-politica"],"jetpack_featured_media_url":"https:\/\/rnoticias.com.mx\/Portal\/wp-content\/uploads\/2026\/09\/78.jpg","amp_enabled":true,"_links":{"self":[{"href":"https:\/\/rnoticias.com.mx\/Portal\/wp-json\/wp\/v2\/posts\/269615","targetHints":{"allow":["GET"]}}],"collection":[{"href":"https:\/\/rnoticias.com.mx\/Portal\/wp-json\/wp\/v2\/posts"}],"about":[{"href":"https:\/\/rnoticias.com.mx\/Portal\/wp-json\/wp\/v2\/types\/post"}],"author":[{"embeddable":true,"href":"https:\/\/rnoticias.com.mx\/Portal\/wp-json\/wp\/v2\/users\/2"}],"replies":[{"embeddable":true,"href":"https:\/\/rnoticias.com.mx\/Portal\/wp-json\/wp\/v2\/comments?post=269615"}],"version-history":[{"count":1,"href":"https:\/\/rnoticias.com.mx\/Portal\/wp-json\/wp\/v2\/posts\/269615\/revisions"}],"predecessor-version":[{"id":269617,"href":"https:\/\/rnoticias.com.mx\/Portal\/wp-json\/wp\/v2\/posts\/269615\/revisions\/269617"}],"wp:featuredmedia":[{"embeddable":true,"href":"https:\/\/rnoticias.com.mx\/Portal\/wp-json\/wp\/v2\/media\/269616"}],"wp:attachment":[{"href":"https:\/\/rnoticias.com.mx\/Portal\/wp-json\/wp\/v2\/media?parent=269615"}],"wp:term":[{"taxonomy":"category","embeddable":true,"href":"https:\/\/rnoticias.com.mx\/Portal\/wp-json\/wp\/v2\/categories?post=269615"},{"taxonomy":"post_tag","embeddable":true,"href":"https:\/\/rnoticias.com.mx\/Portal\/wp-json\/wp\/v2\/tags?post=269615"}],"curies":[{"name":"wp","href":"https:\/\/api.w.org\/{rel}","templated":true}]}}