{"id":269612,"date":"2026-09-02T22:02:07","date_gmt":"2026-09-03T05:02:07","guid":{"rendered":"https:\/\/rnoticias.com.mx\/Portal\/?p=269612"},"modified":"2026-09-02T22:02:07","modified_gmt":"2026-09-03T05:02:07","slug":"el-canciller-roberto-velasco-visitara-china-en-medio-de-tensiones-comerciales","status":"publish","type":"post","link":"https:\/\/rnoticias.com.mx\/Portal\/2026\/09\/02\/el-canciller-roberto-velasco-visitara-china-en-medio-de-tensiones-comerciales\/","title":{"rendered":"El canciller Roberto Velasco visitar\u00e1 China en medio de tensiones comerciales"},"content":{"rendered":"<p><u><strong>El secretario de Relaciones Exteriores (SRE), Roberto Velasco, viajar\u00e1 el 7 de septiembre a China para realizar una visita de trabajo<\/strong><\/u>, la primera a ese pa\u00eds desde que asumi\u00f3 el cargo en abril de este a\u00f1o, y en la que sostendr\u00e1 una reuni\u00f3n con el jefe de la diplomacia del gigante asi\u00e1tico, Wang Yi, seg\u00fan anunci\u00f3 este mi\u00e9rcoles.<\/p>\n<p><em>&#8220;Esta visita permitir\u00e1 fortalecer el di\u00e1logo pol\u00edtico y la agenda de cooperaci\u00f3n entre ambos pa\u00edses&#8221;,\u00a0<\/em>inform\u00f3 la\u00a0<strong>SRE<\/strong> en un mensaje en redes sociales.<\/p>\n<p><em>&#8220;Como parte de su agenda, el secretario Velasco tambi\u00e9n inaugurar\u00e1 el Consulado de M\u00e9xico en la ciudad de Chongqing&#8221;<\/em>, agreg\u00f3 el escueto comunicado oficial.<\/p>\n<p><strong>El viaje del canciller a China\u00a0<\/strong>se produce en medio de las complejas negociaciones con Estados Unidos y Canad\u00e1 para la revisi\u00f3n del Tratado de Libre Comercio trilateral (<strong>T-MEC<\/strong>) y despu\u00e9s de que M\u00e9xico impusiese a comienzos de a\u00f1o aranceles a pa\u00edses con los que no tiene acuerdo comercial, entre ellos China, lo que gener\u00f3 cr\u00edticas por parte de Pek\u00edn.<\/p>\n<p>Precisamente este domingo, el secretario de Econom\u00eda,\u00a0<strong>Marcelo Ebrard,<\/strong>\u00a0inform\u00f3 que las importaciones mexicanas procedentes de\u00a0<strong>China\u00a0<\/strong>afectadas por el paquete de\u00a0<strong>nuevos aranceles<\/strong>\u00a0cayeron un 28 % en los primeros cinco meses de 2026, a la vez que defendi\u00f3 la medida como una herramienta para proteger a la industria nacional.<\/p>\n<p>En marzo,\u00a0<strong>Pek\u00edn\u00a0<\/strong>advirti\u00f3 de posibles represalias por\u00a0<u>las nuevas barreras comerciales, que afectan a m\u00e1s de 30 mil millones de d\u00f3lares de exportaciones chinas<\/u>, y pidi\u00f3 a M\u00e9xico rectificar las medidas.<\/p>\n","protected":false},"excerpt":{"rendered":"<p>El secretario de Relaciones Exteriores (SRE), Roberto Velasco, viajar\u00e1 el 7 de septiembre a China para realizar una visita de trabajo, la primera a ese pa\u00eds desde que asumi\u00f3 el cargo en abril de este a\u00f1o, y en la que sostendr\u00e1 una reuni\u00f3n con el jefe de la diplomacia del gigante asi\u00e1tico, Wang Yi, seg\u00fan [&hellip;]<\/p>\n","protected":false},"author":2,"featured_media":269613,"comment_status":"closed","ping_status":"closed","sticky":false,"template":"","format":"standard","meta":{"footnotes":""},"categories":[12870,172],"tags":[12865,12874],"class_list":["post-269612","post","type-post","status-publish","format-standard","has-post-thumbnail","hentry","category-destacadas","category-nacional","tag-destacadas","tag-nacional"],"jetpack_featured_media_url":"https:\/\/rnoticias.com.mx\/Portal\/wp-content\/uploads\/2026\/09\/roberto-velasco-sre-peru.jpg","amp_enabled":true,"_links":{"self":[{"href":"https:\/\/rnoticias.com.mx\/Portal\/wp-json\/wp\/v2\/posts\/269612","targetHints":{"allow":["GET"]}}],"collection":[{"href":"https:\/\/rnoticias.com.mx\/Portal\/wp-json\/wp\/v2\/posts"}],"about":[{"href":"https:\/\/rnoticias.com.mx\/Portal\/wp-json\/wp\/v2\/types\/post"}],"author":[{"embeddable":true,"href":"https:\/\/rnoticias.com.mx\/Portal\/wp-json\/wp\/v2\/users\/2"}],"replies":[{"embeddable":true,"href":"https:\/\/rnoticias.com.mx\/Portal\/wp-json\/wp\/v2\/comments?post=269612"}],"version-history":[{"count":1,"href":"https:\/\/rnoticias.com.mx\/Portal\/wp-json\/wp\/v2\/posts\/269612\/revisions"}],"predecessor-version":[{"id":269614,"href":"https:\/\/rnoticias.com.mx\/Portal\/wp-json\/wp\/v2\/posts\/269612\/revisions\/269614"}],"wp:featuredmedia":[{"embeddable":true,"href":"https:\/\/rnoticias.com.mx\/Portal\/wp-json\/wp\/v2\/media\/269613"}],"wp:attachment":[{"href":"https:\/\/rnoticias.com.mx\/Portal\/wp-json\/wp\/v2\/media?parent=269612"}],"wp:term":[{"taxonomy":"category","embeddable":true,"href":"https:\/\/rnoticias.com.mx\/Portal\/wp-json\/wp\/v2\/categories?post=269612"},{"taxonomy":"post_tag","embeddable":true,"href":"https:\/\/rnoticias.com.mx\/Portal\/wp-json\/wp\/v2\/tags?post=269612"}],"curies":[{"name":"wp","href":"https:\/\/api.w.org\/{rel}","templated":true}]}}