{"id":269606,"date":"2026-09-02T21:59:10","date_gmt":"2026-09-03T04:59:10","guid":{"rendered":"https:\/\/rnoticias.com.mx\/Portal\/?p=269606"},"modified":"2026-09-02T21:59:10","modified_gmt":"2026-09-03T04:59:10","slug":"petro-se-reune-con-sheinbaum-en-palacio-nacional-durante-su-gira-por-mexico","status":"publish","type":"post","link":"https:\/\/rnoticias.com.mx\/Portal\/2026\/09\/02\/petro-se-reune-con-sheinbaum-en-palacio-nacional-durante-su-gira-por-mexico\/","title":{"rendered":"Petro se re\u00fane con Sheinbaum en Palacio Nacional durante su gira por M\u00e9xico"},"content":{"rendered":"<div>\n<p class=\"text-align-justify\">El\u00a0<strong>expresidente de Colombia, Gustavo Petro,\u00a0<\/strong>sostuvo este mi\u00e9rcoles una<strong>\u00a0reuni\u00f3n con la presidenta de M\u00e9xico, Claudia Sheinbaum, en Palacio Nacional,\u00a0<\/strong>como parte de la gira que realiza por territorio mexicano tras concluir su mandato presidencial. A trav\u00e9s de sus redes sociales, Petro dio a conocer el encuentro con la mandataria mexicana y public\u00f3 una fotograf\u00eda tomada frente al asta bandera del Z\u00f3calo capitalino, luego de salir de la sede del Poder Ejecutivo.<\/p>\n<p class=\"text-align-justify\">Al retirarse de Palacio Nacional, el exmandatario colombiano declar\u00f3 que Claudia Sheinbaum le extendi\u00f3 una invitaci\u00f3n para integrarse a \u201ccoordinaciones acad\u00e9micas\u201d en M\u00e9xico; sin embargo, precis\u00f3 que su residencia continuar\u00e1 siendo en Colombia.<\/p>\n<\/div>\n<div>\n<p class=\"text-align-justify\">M\u00e1s tarde, Gustavo Petro acudi\u00f3 a la Universidad Nacional Aut\u00f3noma de M\u00e9xico (UNAM), donde particip\u00f3 en una conferencia titulada \u201cCapital en el siglo XXI\u201d, como parte de las actividades acad\u00e9micas contempladas durante su visita al pa\u00eds. El exjefe de Estado arrib\u00f3 a la Ciudad de M\u00e9xico el pasado 31 de agosto y desde entonces ha compartido en redes sociales diversas im\u00e1genes de sus recorridos por la capital, adem\u00e1s de promover la conferencia que ofreci\u00f3 en la m\u00e1xima casa de estudios.<\/p>\n<p class=\"text-align-justify\">Petro dej\u00f3 la presidencia de Colombia el pasado 7 de agosto, luego de que Abelardo de la Espriella asumiera el cargo como nuevo mandatario tras imponerse en la segunda vuelta de las elecciones celebradas en junio. Posteriormente, el 12 de agosto, el expresidente solicit\u00f3 autorizaci\u00f3n al Senado colombiano para ausentarse durante un a\u00f1o de su pa\u00eds, al se\u00f1alar que atender\u00e1 compromisos de car\u00e1cter personal, social, pol\u00edtico y acad\u00e9mico.<\/p>\n<\/div>\n","protected":false},"excerpt":{"rendered":"<p>El\u00a0expresidente de Colombia, Gustavo Petro,\u00a0sostuvo este mi\u00e9rcoles una\u00a0reuni\u00f3n con la presidenta de M\u00e9xico, Claudia Sheinbaum, en Palacio Nacional,\u00a0como parte de la gira que realiza por territorio mexicano tras concluir su mandato presidencial. A trav\u00e9s de sus redes sociales, Petro dio a conocer el encuentro con la mandataria mexicana y public\u00f3 una fotograf\u00eda tomada frente al [&hellip;]<\/p>\n","protected":false},"author":2,"featured_media":269607,"comment_status":"closed","ping_status":"closed","sticky":false,"template":"","format":"standard","meta":{"footnotes":""},"categories":[12870,12868],"tags":[12865,12879],"class_list":["post-269606","post","type-post","status-publish","format-standard","has-post-thumbnail","hentry","category-destacadas","category-politica","tag-destacadas","tag-politica"],"jetpack_featured_media_url":"https:\/\/rnoticias.com.mx\/Portal\/wp-content\/uploads\/2026\/09\/gustavo_petro_asiste_a_la_unamx_se_rexne_con_sheinbaum_y_afirma_que_lo_invitx_a_quedarse_en_mxxico.jpg_1619337399.webp","amp_enabled":true,"_links":{"self":[{"href":"https:\/\/rnoticias.com.mx\/Portal\/wp-json\/wp\/v2\/posts\/269606","targetHints":{"allow":["GET"]}}],"collection":[{"href":"https:\/\/rnoticias.com.mx\/Portal\/wp-json\/wp\/v2\/posts"}],"about":[{"href":"https:\/\/rnoticias.com.mx\/Portal\/wp-json\/wp\/v2\/types\/post"}],"author":[{"embeddable":true,"href":"https:\/\/rnoticias.com.mx\/Portal\/wp-json\/wp\/v2\/users\/2"}],"replies":[{"embeddable":true,"href":"https:\/\/rnoticias.com.mx\/Portal\/wp-json\/wp\/v2\/comments?post=269606"}],"version-history":[{"count":1,"href":"https:\/\/rnoticias.com.mx\/Portal\/wp-json\/wp\/v2\/posts\/269606\/revisions"}],"predecessor-version":[{"id":269608,"href":"https:\/\/rnoticias.com.mx\/Portal\/wp-json\/wp\/v2\/posts\/269606\/revisions\/269608"}],"wp:featuredmedia":[{"embeddable":true,"href":"https:\/\/rnoticias.com.mx\/Portal\/wp-json\/wp\/v2\/media\/269607"}],"wp:attachment":[{"href":"https:\/\/rnoticias.com.mx\/Portal\/wp-json\/wp\/v2\/media?parent=269606"}],"wp:term":[{"taxonomy":"category","embeddable":true,"href":"https:\/\/rnoticias.com.mx\/Portal\/wp-json\/wp\/v2\/categories?post=269606"},{"taxonomy":"post_tag","embeddable":true,"href":"https:\/\/rnoticias.com.mx\/Portal\/wp-json\/wp\/v2\/tags?post=269606"}],"curies":[{"name":"wp","href":"https:\/\/api.w.org\/{rel}","templated":true}]}}