{"id":269603,"date":"2026-09-02T21:57:15","date_gmt":"2026-09-03T04:57:15","guid":{"rendered":"https:\/\/rnoticias.com.mx\/Portal\/?p=269603"},"modified":"2026-09-02T21:57:15","modified_gmt":"2026-09-03T04:57:15","slug":"oaci-alerta-por-riesgo-para-aviones-civiles-en-espacio-aereo-ruso-y-ucraniano","status":"publish","type":"post","link":"https:\/\/rnoticias.com.mx\/Portal\/2026\/09\/02\/oaci-alerta-por-riesgo-para-aviones-civiles-en-espacio-aereo-ruso-y-ucraniano\/","title":{"rendered":"OACI alerta por riesgo para aviones civiles en espacio a\u00e9reo ruso y ucraniano"},"content":{"rendered":"<p>La\u00a0<strong>Organizaci\u00f3n de Aviaci\u00f3n Civil Internacional\u00a0<\/strong>(<strong>OACI<\/strong>) advirti\u00f3 este mi\u00e9rcoles sobre el aumento de las\u00a0<mark>amenazas que enfrentan las aeronaves comerciales en distintas regiones del mundo debido a los conflictos armados.<\/mark>\u00a0Ante este escenario, el organismo inst\u00f3 a sus 193 Estados miembros a fortalecer las medidas destinadas a garantizar la seguridad de la aviaci\u00f3n civil.<\/p>\n<p>La agencia de Naciones Unidas, con sede en Montreal, explic\u00f3 que\u00a0<mark>el uso de armas de largo alcance y drones, as\u00ed como las interferencias de radiofrecuencia que afectan a los sistemas globales de navegaci\u00f3n por sat\u00e9lite y el desarrollo de avanzados sistemas de defensa antia\u00e9rea,<\/mark>\u00a0<mark>han elevado el riesgo de que\u00a0<strong>aviones civiles sean alcanzados accidentalmente o queden expuestos al fuego cruzado durante enfrentamientos militares.<\/strong><\/mark><\/p>\n<p>La OACI record\u00f3 que el art\u00edculo 3 bis del Convenio de Chicago de 1944 y la resoluci\u00f3n A42-4, aprobada por unanimidad por su Asamblea en 2025,\u00a0<strong>proh\u00edben expresamente el uso de armas contra aeronaves civiles.<\/strong><\/p>\n<p>El organismo inst\u00f3 a los Estados a evaluar la seguridad del espacio a\u00e9reo bajo su control, compartir r\u00e1pidamente informaci\u00f3n de inteligencia sobre amenazas y mejorar la coordinaci\u00f3n entre las autoridades civiles y militares\u00a0<strong>para evitar que aviones comerciales sean confundidos con objetivos militares.<\/strong><\/p>\n<p>La advertencia se produce un d\u00eda despu\u00e9s de que el presidente de\u00a0<strong>Ucrania<\/strong>,\u00a0<strong>Volod\u00edmir Zelenski<\/strong>,\u00a0<mark>advirtiera directamente a las compa\u00f1\u00edas a\u00e9reas y aseguradoras de que el\u00a0<strong>espacio a\u00e9reo ruso<\/strong>\u00a0se est\u00e1 volviendo &#8220;completamente inseguro&#8221; por la creciente presencia de drones ucranianos.<\/mark><\/p>\n<p><i>&#8220;Queremos advertir a todas las aerol\u00edneas que utilizan el espacio a\u00e9reo ruso, a todas las aseguradoras y a todos los que todav\u00eda utilizan los principales aeropuertos de Rusia&#8221;<\/i>, afirm\u00f3 Zelenski el martes por la noche, al tiempo que asegur\u00f3 que Ucrania no tiene como objetivo la aviaci\u00f3n civil.<\/p>\n<p>Ucrania avis\u00f3 adem\u00e1s formalmente este mi\u00e9rcoles a la OACI de un aumento de la actividad militar que, seg\u00fan Kiev, har\u00e1 que el espacio a\u00e9reo ruso deje de ser seguro para el tr\u00e1fico a\u00e9reo, y pidi\u00f3 que los vuelos comerciales lo eviten.<\/p>\n<p><i>&#8220;Urgimos a todos a evitarlo (el espacio a\u00e9reo ruso)&#8221;<\/i>, dijo en X (antes Twitter) el ministro de Exteriores ucraniano, Andr\u00ed Sibiga, al informar de la notificaci\u00f3n transmitida oficialmente por Kiev a la OACI.<\/p>\n<p>La OACI se\u00f1al\u00f3 que,\u00a0<mark>aunque las aerol\u00edneas pueden modificar sus rutas para evitar zonas de conflicto, esa flexibilidad operativa &#8220;no aborda la amenaza fundamental para la seguridad&#8221;.<\/mark><\/p>\n<p>El organismo dijo que est\u00e1 actualizando sus manuales sobre medidas de seguridad relacionadas con actividades militares y evaluaci\u00f3n de riesgos para las operaciones de aeronaves civiles sobre zonas de conflicto o en sus proximidades.<\/p>\n","protected":false},"excerpt":{"rendered":"<p>La\u00a0Organizaci\u00f3n de Aviaci\u00f3n Civil Internacional\u00a0(OACI) advirti\u00f3 este mi\u00e9rcoles sobre el aumento de las\u00a0amenazas que enfrentan las aeronaves comerciales en distintas regiones del mundo debido a los conflictos armados.\u00a0Ante este escenario, el organismo inst\u00f3 a sus 193 Estados miembros a fortalecer las medidas destinadas a garantizar la seguridad de la aviaci\u00f3n civil. La agencia de Naciones [&hellip;]<\/p>\n","protected":false},"author":2,"featured_media":269604,"comment_status":"closed","ping_status":"closed","sticky":false,"template":"","format":"standard","meta":{"footnotes":""},"categories":[12870,182],"tags":[12865,12871],"class_list":["post-269603","post","type-post","status-publish","format-standard","has-post-thumbnail","hentry","category-destacadas","category-internacional","tag-destacadas","tag-internacional"],"jetpack_featured_media_url":"https:\/\/rnoticias.com.mx\/Portal\/wp-content\/uploads\/2026\/09\/avion-despegando-aeropuerto_37416-111.jpg","amp_enabled":true,"_links":{"self":[{"href":"https:\/\/rnoticias.com.mx\/Portal\/wp-json\/wp\/v2\/posts\/269603","targetHints":{"allow":["GET"]}}],"collection":[{"href":"https:\/\/rnoticias.com.mx\/Portal\/wp-json\/wp\/v2\/posts"}],"about":[{"href":"https:\/\/rnoticias.com.mx\/Portal\/wp-json\/wp\/v2\/types\/post"}],"author":[{"embeddable":true,"href":"https:\/\/rnoticias.com.mx\/Portal\/wp-json\/wp\/v2\/users\/2"}],"replies":[{"embeddable":true,"href":"https:\/\/rnoticias.com.mx\/Portal\/wp-json\/wp\/v2\/comments?post=269603"}],"version-history":[{"count":1,"href":"https:\/\/rnoticias.com.mx\/Portal\/wp-json\/wp\/v2\/posts\/269603\/revisions"}],"predecessor-version":[{"id":269605,"href":"https:\/\/rnoticias.com.mx\/Portal\/wp-json\/wp\/v2\/posts\/269603\/revisions\/269605"}],"wp:featuredmedia":[{"embeddable":true,"href":"https:\/\/rnoticias.com.mx\/Portal\/wp-json\/wp\/v2\/media\/269604"}],"wp:attachment":[{"href":"https:\/\/rnoticias.com.mx\/Portal\/wp-json\/wp\/v2\/media?parent=269603"}],"wp:term":[{"taxonomy":"category","embeddable":true,"href":"https:\/\/rnoticias.com.mx\/Portal\/wp-json\/wp\/v2\/categories?post=269603"},{"taxonomy":"post_tag","embeddable":true,"href":"https:\/\/rnoticias.com.mx\/Portal\/wp-json\/wp\/v2\/tags?post=269603"}],"curies":[{"name":"wp","href":"https:\/\/api.w.org\/{rel}","templated":true}]}}