{"id":269600,"date":"2026-09-02T21:55:06","date_gmt":"2026-09-03T04:55:06","guid":{"rendered":"https:\/\/rnoticias.com.mx\/Portal\/?p=269600"},"modified":"2026-09-02T21:55:06","modified_gmt":"2026-09-03T04:55:06","slug":"raul-castro-esta-gravemente-enfermo-que-sabemos-hasta-ahora","status":"publish","type":"post","link":"https:\/\/rnoticias.com.mx\/Portal\/2026\/09\/02\/raul-castro-esta-gravemente-enfermo-que-sabemos-hasta-ahora\/","title":{"rendered":"Ra\u00fal Castro est\u00e1 gravemente enfermo: \u00bfqu\u00e9 sabemos hasta ahora?"},"content":{"rendered":"<div>\n<p>El general del Ej\u00e9rcito cubano, Ra\u00fal Castro, no ha muerto pero permanece &#8220;gravemente enfermo&#8221; y est\u00e1 siendo asistido con equipos m\u00e9dicos especializados para mantenerlo con vida, de acuerdo a informaci\u00f3n publicada por el Diario Las Am\u00e9ricas, que cit\u00f3 informes que llegaron a su redacci\u00f3n al respecto.<\/p>\n<p>&nbsp;<\/p>\n<p>Presuntamente, Castro estar\u00eda as\u00ed por un accidente cerebro vascular.<\/p>\n<p>&nbsp;<\/p>\n<\/div>\n<div>\n<article>\n<p id=\"p-1788262525247-14877\">Cabe recordar que, recientemente, circul\u00f3 el rumor de que el hermano menor de Fidel Castrohabr\u00eda fallecido, no obstante, hasta este momento esa informaci\u00f3n no ha sido confirmada por alguna fuente oficial, y s\u00f3lo se ha revelado, aunque tambi\u00e9n sin confirmaci\u00f3n oficial, que se encuentra muy delicado de salud.<\/p>\n<p>Seg\u00fan el Diario Las Am\u00e9ricas, la informaci\u00f3n que lleg\u00f3 a su redacci\u00f3n &#8220;no deja lugar a especulaciones&#8221; sobre el estado de salud grave de Ra\u00fal Castro..<\/p>\n<\/article>\n<p>Cabe recordar que Ra\u00fal Castro permaneci\u00f3 como primera figura del r\u00e9gimen castrista en Cuba de forma interina tras la designaci\u00f3n hecha por su hermano Fidel Castro en julio de 2006, y asumi\u00f3 la responsabilidad de manera oficial en 2008, hasta abril de 2018 que fue sucedido en el cargo por Miguel D\u00edaz-Canel Berm\u00fadez, quien ahora est\u00e1 al frente del pa\u00eds.<\/p>\n<p id=\"p-1788262525247-105\">En junio pasado arrib\u00f3 a la edad de 95 a\u00f1os. En abril de 2021 a trav\u00e9s de un reporte del peri\u00f3dico ABC de Espa\u00f1a se conoci\u00f3 que padec\u00eda de un c\u00e1ncer de es\u00f3fago y recto, adem\u00e1s, rese\u00f1aba la informaci\u00f3n, tambi\u00e9n habr\u00eda estado aquejado de una fuerte cirrosis hep\u00e1tica atribuida a una extensa adicci\u00f3n al consumo de alcohol.<\/p>\n<\/div>\n","protected":false},"excerpt":{"rendered":"<p>El general del Ej\u00e9rcito cubano, Ra\u00fal Castro, no ha muerto pero permanece &#8220;gravemente enfermo&#8221; y est\u00e1 siendo asistido con equipos m\u00e9dicos especializados para mantenerlo con vida, de acuerdo a informaci\u00f3n publicada por el Diario Las Am\u00e9ricas, que cit\u00f3 informes que llegaron a su redacci\u00f3n al respecto. &nbsp; Presuntamente, Castro estar\u00eda as\u00ed por un accidente cerebro [&hellip;]<\/p>\n","protected":false},"author":2,"featured_media":269601,"comment_status":"closed","ping_status":"closed","sticky":false,"template":"","format":"standard","meta":{"footnotes":""},"categories":[12870,182],"tags":[12865,12871],"class_list":["post-269600","post","type-post","status-publish","format-standard","has-post-thumbnail","hentry","category-destacadas","category-internacional","tag-destacadas","tag-internacional"],"jetpack_featured_media_url":"https:\/\/rnoticias.com.mx\/Portal\/wp-content\/uploads\/2026\/09\/589725db9adf44d1732b454e9068fd5d.png","amp_enabled":true,"_links":{"self":[{"href":"https:\/\/rnoticias.com.mx\/Portal\/wp-json\/wp\/v2\/posts\/269600","targetHints":{"allow":["GET"]}}],"collection":[{"href":"https:\/\/rnoticias.com.mx\/Portal\/wp-json\/wp\/v2\/posts"}],"about":[{"href":"https:\/\/rnoticias.com.mx\/Portal\/wp-json\/wp\/v2\/types\/post"}],"author":[{"embeddable":true,"href":"https:\/\/rnoticias.com.mx\/Portal\/wp-json\/wp\/v2\/users\/2"}],"replies":[{"embeddable":true,"href":"https:\/\/rnoticias.com.mx\/Portal\/wp-json\/wp\/v2\/comments?post=269600"}],"version-history":[{"count":1,"href":"https:\/\/rnoticias.com.mx\/Portal\/wp-json\/wp\/v2\/posts\/269600\/revisions"}],"predecessor-version":[{"id":269602,"href":"https:\/\/rnoticias.com.mx\/Portal\/wp-json\/wp\/v2\/posts\/269600\/revisions\/269602"}],"wp:featuredmedia":[{"embeddable":true,"href":"https:\/\/rnoticias.com.mx\/Portal\/wp-json\/wp\/v2\/media\/269601"}],"wp:attachment":[{"href":"https:\/\/rnoticias.com.mx\/Portal\/wp-json\/wp\/v2\/media?parent=269600"}],"wp:term":[{"taxonomy":"category","embeddable":true,"href":"https:\/\/rnoticias.com.mx\/Portal\/wp-json\/wp\/v2\/categories?post=269600"},{"taxonomy":"post_tag","embeddable":true,"href":"https:\/\/rnoticias.com.mx\/Portal\/wp-json\/wp\/v2\/tags?post=269600"}],"curies":[{"name":"wp","href":"https:\/\/api.w.org\/{rel}","templated":true}]}}