{"id":269591,"date":"2026-09-02T21:51:04","date_gmt":"2026-09-03T04:51:04","guid":{"rendered":"https:\/\/rnoticias.com.mx\/Portal\/?p=269591"},"modified":"2026-09-02T21:51:04","modified_gmt":"2026-09-03T04:51:04","slug":"monaco-se-disculpo-con-erik-lira-tras-caerse-su-fichaje","status":"publish","type":"post","link":"https:\/\/rnoticias.com.mx\/Portal\/2026\/09\/02\/monaco-se-disculpo-con-erik-lira-tras-caerse-su-fichaje\/","title":{"rendered":"M\u00f3naco se disculp\u00f3 con Erik Lira tras caerse su fichaje"},"content":{"rendered":"<p>La llegada de Erik Lira al AS M\u00f3naco parec\u00eda inminente, incluso Cruz Azul ya hab\u00eda confirmado la venta del jugador p\u00fablicamente. Sin embargo<strong>\u00a0el club europeo no logr\u00f3 liberar la plaza de extranjero a tiempo.<\/strong><\/p>\n<p>La salida hacia el Everton de Folarin Balogun, delantero estadounidense, estaba siendo administrada por el M\u00f3nco, pero no se logr\u00f3 concretar antes del cierre del mercado de fichajes lo que caus\u00f3 que la ca\u00edda del acuerdo con Lira y el Cruz Azul.<\/p>\n<p>Un representante del club de la Ligue 1 declar\u00f3 en conferencia de prensa que\u00a0<strong>en el club se encontraban tristes por no poder concretar el fichaje del seleccionado mexicano.<\/strong><\/p>\n<p>Tambi\u00e9n agradeci\u00f3 las atenciones por parte de Cruz Azul durante las negociaciones. El portavoz del M\u00f3naco confirm\u00f3 que<mark>\u00a0\u201cEl trato estaba listo, el jugador preparado para viajar. Todo era absolutamente presionar un bot\u00f3n. Pero era obligatorio en el acuerdo que Balogun abriera la plaza extranjera y por eso no pudimos llevar a Erik Lira, que era nuestro deseo\u201d.<\/mark><\/p>\n<h2>Le desean una carrera en Europa<\/h2>\n<p>El representante de M\u00f3naco resalt\u00f3 que Erik Lira tiene el potencial para llevar su carrera al viejo continente y destacar con un club de alto nivel.<\/p>\n<p>\u201cEspero que encuentre<strong>\u00a0un buen y s\u00f3lido paso en un nivel superior en Europa, \u00e9l lo merece,<\/strong>\u00a0fue una persona asombrosa en todas nuestras interacciones y esto fue parte de los tristes eventos de ayer.<\/p>\n<p>Por \u00faltimo, destac\u00f3 la dificultad emocional que present\u00f3 compartir las malas noticias con el mediocampista: \u201cTener que llamar al jugador y decirle lamento que no pudimos hacerlo es, como ser humano, una parte muy d\u00edficil del trabajo en el mercado de transferencias\u201d.<\/p>\n","protected":false},"excerpt":{"rendered":"<p>La llegada de Erik Lira al AS M\u00f3naco parec\u00eda inminente, incluso Cruz Azul ya hab\u00eda confirmado la venta del jugador p\u00fablicamente. Sin embargo\u00a0el club europeo no logr\u00f3 liberar la plaza de extranjero a tiempo. La salida hacia el Everton de Folarin Balogun, delantero estadounidense, estaba siendo administrada por el M\u00f3nco, pero no se logr\u00f3 concretar [&hellip;]<\/p>\n","protected":false},"author":2,"featured_media":269592,"comment_status":"closed","ping_status":"closed","sticky":false,"template":"","format":"standard","meta":{"footnotes":""},"categories":[188,12870],"tags":[5231,12865],"class_list":["post-269591","post","type-post","status-publish","format-standard","has-post-thumbnail","hentry","category-deportes","category-destacadas","tag-deportes","tag-destacadas"],"jetpack_featured_media_url":"https:\/\/rnoticias.com.mx\/Portal\/wp-content\/uploads\/2026\/09\/el-fichaje-de-erik-lira-con-el-monaco-se-desploma-de-ultimo-momento-20434e6b-focus-0-0-608-342.webp","amp_enabled":true,"_links":{"self":[{"href":"https:\/\/rnoticias.com.mx\/Portal\/wp-json\/wp\/v2\/posts\/269591","targetHints":{"allow":["GET"]}}],"collection":[{"href":"https:\/\/rnoticias.com.mx\/Portal\/wp-json\/wp\/v2\/posts"}],"about":[{"href":"https:\/\/rnoticias.com.mx\/Portal\/wp-json\/wp\/v2\/types\/post"}],"author":[{"embeddable":true,"href":"https:\/\/rnoticias.com.mx\/Portal\/wp-json\/wp\/v2\/users\/2"}],"replies":[{"embeddable":true,"href":"https:\/\/rnoticias.com.mx\/Portal\/wp-json\/wp\/v2\/comments?post=269591"}],"version-history":[{"count":1,"href":"https:\/\/rnoticias.com.mx\/Portal\/wp-json\/wp\/v2\/posts\/269591\/revisions"}],"predecessor-version":[{"id":269593,"href":"https:\/\/rnoticias.com.mx\/Portal\/wp-json\/wp\/v2\/posts\/269591\/revisions\/269593"}],"wp:featuredmedia":[{"embeddable":true,"href":"https:\/\/rnoticias.com.mx\/Portal\/wp-json\/wp\/v2\/media\/269592"}],"wp:attachment":[{"href":"https:\/\/rnoticias.com.mx\/Portal\/wp-json\/wp\/v2\/media?parent=269591"}],"wp:term":[{"taxonomy":"category","embeddable":true,"href":"https:\/\/rnoticias.com.mx\/Portal\/wp-json\/wp\/v2\/categories?post=269591"},{"taxonomy":"post_tag","embeddable":true,"href":"https:\/\/rnoticias.com.mx\/Portal\/wp-json\/wp\/v2\/tags?post=269591"}],"curies":[{"name":"wp","href":"https:\/\/api.w.org\/{rel}","templated":true}]}}