{"id":269588,"date":"2026-09-02T21:49:55","date_gmt":"2026-09-03T04:49:55","guid":{"rendered":"https:\/\/rnoticias.com.mx\/Portal\/?p=269588"},"modified":"2026-09-02T21:49:55","modified_gmt":"2026-09-03T04:49:55","slug":"america-hace-oficial-la-llegada-de-carlos-alvarez","status":"publish","type":"post","link":"https:\/\/rnoticias.com.mx\/Portal\/2026\/09\/02\/america-hace-oficial-la-llegada-de-carlos-alvarez\/","title":{"rendered":"Am\u00e9rica hace oficial la llegada de Carlos \u00c1lvarez"},"content":{"rendered":"<p>El\u00a0<strong>Club Am\u00e9rica<\/strong>\u00a0contin\u00faa fortaleciendo su plantel y este mi\u00e9rcoles anunci\u00f3 a su cuarto refuerzo para esta temporada.<mark>\u00a0El espa\u00f1ol Carlos \u00c1lvarez llega a las \u00c1guilas despu\u00e9s de convertirse en una de las grandes figuras del Levante y protagonista del regreso del conjunto valenciano a la Primera Divisi\u00f3n.<\/mark><\/p>\n<p>Con apenas 23 a\u00f1os, \u00c1lvarez afrontar\u00e1 con Am\u00e9rica la primera experiencia de su carrera fuera del futbol espa\u00f1ol, por lo que su llegada representa un importante reto en su trayectoria.<\/p>\n<p>El jugador tendr\u00e1 ahora la responsabilidad de adaptarse a una nueva liga, pa\u00eds y exigencia, adem\u00e1s de incorporarse a uno de los clubes m\u00e1s importantes de M\u00e9xico.<\/p>\n<p>\u00c1lvarez disput\u00f3 dos temporadas con el Levante, periodo en el que acumul\u00f3 105 encuentros, con 14 goles y 14 asistencias. Sin embargo, uno de los cap\u00edtulos m\u00e1s importantes de su carrera lleg\u00f3 el 25 de mayo de 2025, cuando apareci\u00f3 en el momento decisivo para convertirse en h\u00e9roe.<\/p>\n<p>En aquella jornada,\u00a0<strong>el mediocampista marc\u00f3 al minuto 97 el tanto que le dio la victoria al Levante y asegur\u00f3 su regreso a LaLiga. Dicha anotaci\u00f3n termin\u00f3 por consolidarlo como un elemento clave del ascenso.<\/strong><\/p>\n<p>Su incorporaci\u00f3n tambi\u00e9n genera expectativas entre la afici\u00f3n americanista debido a la similitud en la llegada de \u00c1lvaro Fidalgo, sobre todo, porque ambos arribaron con 23 a\u00f1os y comparten un perfil ofensivo.<\/p>\n<p>Sin embargo, la vara que dej\u00f3 Fildago qued\u00f3 muy alta, por lo que Carlos deber\u00e1 demostrar su calidad y adaptarse lo m\u00e1s pronto posible a un estilo de futbol dirigido por Guillermo Almada, quien lo ven\u00eda siguiendo desde que tuvo su paso por el Oviedo.<\/p>\n<p>Por ello, aunque ser\u00e1 complicado llenar el vac\u00edo que dej\u00f3 el \u201cMaguito\u201d, \u00c1lvarez podr\u00eda convertirse en su sucesor y asumir un papel protag\u00f3nico en el mediocampo americanista.<\/p>\n<p><mark>Con \u00c1lvarez, Am\u00e9rica suma ya cuatro incorporaciones con los fichajes de Edwin Cerrillo, \u00d3scar Perea y Miguel Borja. Apuntalando una plantilla que se vislumbra dif\u00edcil de vencer y que, por el momento, domina el Apertura 2026.<\/mark><\/p>\n","protected":false},"excerpt":{"rendered":"<p>El\u00a0Club Am\u00e9rica\u00a0contin\u00faa fortaleciendo su plantel y este mi\u00e9rcoles anunci\u00f3 a su cuarto refuerzo para esta temporada.\u00a0El espa\u00f1ol Carlos \u00c1lvarez llega a las \u00c1guilas despu\u00e9s de convertirse en una de las grandes figuras del Levante y protagonista del regreso del conjunto valenciano a la Primera Divisi\u00f3n. Con apenas 23 a\u00f1os, \u00c1lvarez afrontar\u00e1 con Am\u00e9rica la primera [&hellip;]<\/p>\n","protected":false},"author":2,"featured_media":269589,"comment_status":"closed","ping_status":"closed","sticky":false,"template":"","format":"standard","meta":{"footnotes":""},"categories":[188,12870],"tags":[5231,12865],"class_list":["post-269588","post","type-post","status-publish","format-standard","has-post-thumbnail","hentry","category-deportes","category-destacadas","tag-deportes","tag-destacadas"],"jetpack_featured_media_url":"https:\/\/rnoticias.com.mx\/Portal\/wp-content\/uploads\/2026\/09\/Diseno-sin-titulo-2026-09-01T150602.144-490x275-1.webp","amp_enabled":true,"_links":{"self":[{"href":"https:\/\/rnoticias.com.mx\/Portal\/wp-json\/wp\/v2\/posts\/269588","targetHints":{"allow":["GET"]}}],"collection":[{"href":"https:\/\/rnoticias.com.mx\/Portal\/wp-json\/wp\/v2\/posts"}],"about":[{"href":"https:\/\/rnoticias.com.mx\/Portal\/wp-json\/wp\/v2\/types\/post"}],"author":[{"embeddable":true,"href":"https:\/\/rnoticias.com.mx\/Portal\/wp-json\/wp\/v2\/users\/2"}],"replies":[{"embeddable":true,"href":"https:\/\/rnoticias.com.mx\/Portal\/wp-json\/wp\/v2\/comments?post=269588"}],"version-history":[{"count":1,"href":"https:\/\/rnoticias.com.mx\/Portal\/wp-json\/wp\/v2\/posts\/269588\/revisions"}],"predecessor-version":[{"id":269590,"href":"https:\/\/rnoticias.com.mx\/Portal\/wp-json\/wp\/v2\/posts\/269588\/revisions\/269590"}],"wp:featuredmedia":[{"embeddable":true,"href":"https:\/\/rnoticias.com.mx\/Portal\/wp-json\/wp\/v2\/media\/269589"}],"wp:attachment":[{"href":"https:\/\/rnoticias.com.mx\/Portal\/wp-json\/wp\/v2\/media?parent=269588"}],"wp:term":[{"taxonomy":"category","embeddable":true,"href":"https:\/\/rnoticias.com.mx\/Portal\/wp-json\/wp\/v2\/categories?post=269588"},{"taxonomy":"post_tag","embeddable":true,"href":"https:\/\/rnoticias.com.mx\/Portal\/wp-json\/wp\/v2\/tags?post=269588"}],"curies":[{"name":"wp","href":"https:\/\/api.w.org\/{rel}","templated":true}]}}