{"id":269567,"date":"2026-09-02T20:38:20","date_gmt":"2026-09-03T03:38:20","guid":{"rendered":"https:\/\/rnoticias.com.mx\/Portal\/?p=269567"},"modified":"2026-09-02T20:38:20","modified_gmt":"2026-09-03T03:38:20","slug":"aldo-rendon-sale-de-la-casa-de-los-famosos-por-su-estado-de-salud","status":"publish","type":"post","link":"https:\/\/rnoticias.com.mx\/Portal\/2026\/09\/02\/aldo-rendon-sale-de-la-casa-de-los-famosos-por-su-estado-de-salud\/","title":{"rendered":"Aldo Rend\u00f3n sale de &#8216;La Casa de los Famosos&#8217; por su estado de salud"},"content":{"rendered":"<p>El famoso\u00a0stylist\u00a0y creador de contenido\u00a0Aldo Rend\u00f3n\u00a0sorprendi\u00f3 a toda la audiencia nacional al anunciar su salida definitiva de\u00a0La Casa de los Famosos M\u00e9xico 2026, dejando un gran vac\u00edo en la competencia\u00a0y generando preocupaci\u00f3n entre sus miles de seguidores en redes sociales.<\/p>\n<p>Durante la emisi\u00f3n especial de la gala nocturna del martes 1 de septiembre, la conductora\u00a0Galilea Montijo\u00a0se conect\u00f3 de manera inusual con los habitantes. Su objetivo no era anunciar una nominaci\u00f3n, sino cederle la palabra al experto en moda para que compartiera una noticia trascendental.<\/p>\n<p>Con l\u00e1grimas en los ojos, una evidente tristeza y la voz entrecortada, Rend\u00f3n se puso de pie frente a sus compa\u00f1eros.\u00a0<strong>Explic\u00f3 detalladamente que las condiciones actuales del\u00a0reality show\u00a0ya no eran las adecuadas para garantizar su bienestar f\u00edsico y mental en este momento.<\/strong><\/p>\n<p>&#8220;Tengo un problema de salud que es reversible, pero tengo que iniciar tratamiento ya&#8221;, confes\u00f3 el carism\u00e1tico participante frente a las c\u00e1maras de\u00a0Televisa.\u00a0Esta declaraci\u00f3n dej\u00f3 en completo silencio a los dem\u00e1s competidores, quienes no daban cr\u00e9dito a lo que estaban escuchando en la sala.<\/p>\n<p>El reconocido consultor de imagen detall\u00f3 que su delicada condici\u00f3n m\u00e9dica le impide estar saliendo y regresando a las instalaciones de la casa m\u00e1s famosa de M\u00e9xico. Por lo tanto, someterse a los procedimientos m\u00e9dicos necesarios exig\u00eda su renuncia inmediata e irrevocable al codiciado premio final.<\/p>\n<h2>El historial m\u00e9dico que encendi\u00f3 las alarmas<\/h2>\n<p>Desde hace varias semanas, los fieles seguidores del programa notaron un\u00a0<strong>preocupante color amarillento en los ojos<\/strong>\u00a0del creador de contenido. Este\u00a0<strong>s\u00edntoma de ictericia<\/strong>\u00a0fue un tema que \u00e9l mismo lleg\u00f3 a discutir abiertamente con sus compa\u00f1eros de cuarto durante las largas noches de encierro.<\/p>\n<p>Adem\u00e1s de este signo visual,\u00a0<strong>el l\u00edder del cuarto Tulum experiment\u00f3 fuertes y constantes dolores en las articulaciones de los brazos<\/strong>. Esta molestia f\u00edsica limit\u00f3 severamente su participaci\u00f3n en las pruebas semanales, oblig\u00e1ndolo a arrastrarse de dolor en m\u00e1s de una ocasi\u00f3n reciente.<\/p>\n<p>En conversaciones previas dentro de la casa, el\u00a0stylist\u00a0de celebridades internacionales como\u00a0Thal\u00eda\u00a0y\u00a0Belinda\u00a0revel\u00f3 su oscuro pasado.\u00a0Confes\u00f3 haber sufrido problemas hep\u00e1ticos y de ves\u00edcula muy graves hace a\u00f1os, derivados de una etapa de severo consumo de alcohol que casi le cuesta la vida.<\/p>\n<p>Aunado a esto, tambi\u00e9n hab\u00eda compartido su reciente\u00a0<strong>diagn\u00f3stico de anemia<\/strong>, un trastorno que descubri\u00f3 poco antes de ingresar al exitoso proyecto televisivo. Esta condici\u00f3n, que reduce los gl\u00f3bulos rojos sanos, explicaba la fatiga extrema y el sue\u00f1o excesivo que padec\u00eda frente a las c\u00e1maras.<\/p>\n<p>&nbsp;<\/p>\n<h2>La emotiva despedida en el cuarto Tulum<\/h2>\n<p>La impactante noticia cay\u00f3 como un balde de agua fr\u00eda para el resto de los competidores. Inmediatamente despu\u00e9s de su anuncio, todos se levantaron de sus asientos para abrazarlo, brindarle palabras de aliento y mostrarle su apoyo incondicional en este dif\u00edcil momento personal.<\/p>\n<p>Figuras del espect\u00e1culo como el cantante\u00a0Yahir\u00a0y la\u00a0influencer\u00a0Karina Torres\u00a0fueron de los habitantes m\u00e1s afectados por la noticia. Ambos derramaron l\u00e1grimas al despedir a quien consideraban la verdadera alegr\u00eda de la casa\u00a0y una pieza clave en su estrategia de supervivencia.<\/p>\n<p><strong>Tras escuchar las emotivas palabras de despedida de &#8220;La Jefa&#8221;, quien le asegur\u00f3 que las puertas siempre estar\u00edan abiertas, los habitantes caminaron junto a \u00e9l.<\/strong>\u00a0Acompa\u00f1aron al experto en moda hasta la puerta principal para darle el \u00faltimo adi\u00f3s entre aplausos y mucha nostalgia.<\/p>\n<p>Ya en el foro de televisi\u00f3n, la presentadora estelar lo recibi\u00f3 con un c\u00e1lido y prolongado abrazo. Con mucha empat\u00eda,\u00a0<strong>le record\u00f3 que su salud, su bienestar integral y su familia son la verdadera prioridad, muy por encima de cualquier competencia o premio econ\u00f3mico<\/strong>.<\/p>\n<p>Esta lamentable baja m\u00e9dica cambia por completo el rumbo de la competencia y la convivencia diaria. Ahora, los participantes restantes estar\u00e1n obligados a replantear urgentemente sus estrategias, nominaciones y lealtades de cara a la recta final de este exitoso y pol\u00e9mico\u00a0reality show.<\/p>\n","protected":false},"excerpt":{"rendered":"<p>El famoso\u00a0stylist\u00a0y creador de contenido\u00a0Aldo Rend\u00f3n\u00a0sorprendi\u00f3 a toda la audiencia nacional al anunciar su salida definitiva de\u00a0La Casa de los Famosos M\u00e9xico 2026, dejando un gran vac\u00edo en la competencia\u00a0y generando preocupaci\u00f3n entre sus miles de seguidores en redes sociales. Durante la emisi\u00f3n especial de la gala nocturna del martes 1 de septiembre, la conductora\u00a0Galilea [&hellip;]<\/p>\n","protected":false},"author":2,"featured_media":269568,"comment_status":"closed","ping_status":"closed","sticky":false,"template":"","format":"standard","meta":{"footnotes":""},"categories":[12870,219],"tags":[12865,12875],"class_list":["post-269567","post","type-post","status-publish","format-standard","has-post-thumbnail","hentry","category-destacadas","category-espectaculos","tag-destacadas","tag-espectaculos"],"jetpack_featured_media_url":"https:\/\/rnoticias.com.mx\/Portal\/wp-content\/uploads\/2026\/09\/de-que-esta-enfermo-aldo-rendon-casa-de-los-famosos.jpg","amp_enabled":true,"_links":{"self":[{"href":"https:\/\/rnoticias.com.mx\/Portal\/wp-json\/wp\/v2\/posts\/269567","targetHints":{"allow":["GET"]}}],"collection":[{"href":"https:\/\/rnoticias.com.mx\/Portal\/wp-json\/wp\/v2\/posts"}],"about":[{"href":"https:\/\/rnoticias.com.mx\/Portal\/wp-json\/wp\/v2\/types\/post"}],"author":[{"embeddable":true,"href":"https:\/\/rnoticias.com.mx\/Portal\/wp-json\/wp\/v2\/users\/2"}],"replies":[{"embeddable":true,"href":"https:\/\/rnoticias.com.mx\/Portal\/wp-json\/wp\/v2\/comments?post=269567"}],"version-history":[{"count":1,"href":"https:\/\/rnoticias.com.mx\/Portal\/wp-json\/wp\/v2\/posts\/269567\/revisions"}],"predecessor-version":[{"id":269569,"href":"https:\/\/rnoticias.com.mx\/Portal\/wp-json\/wp\/v2\/posts\/269567\/revisions\/269569"}],"wp:featuredmedia":[{"embeddable":true,"href":"https:\/\/rnoticias.com.mx\/Portal\/wp-json\/wp\/v2\/media\/269568"}],"wp:attachment":[{"href":"https:\/\/rnoticias.com.mx\/Portal\/wp-json\/wp\/v2\/media?parent=269567"}],"wp:term":[{"taxonomy":"category","embeddable":true,"href":"https:\/\/rnoticias.com.mx\/Portal\/wp-json\/wp\/v2\/categories?post=269567"},{"taxonomy":"post_tag","embeddable":true,"href":"https:\/\/rnoticias.com.mx\/Portal\/wp-json\/wp\/v2\/tags?post=269567"}],"curies":[{"name":"wp","href":"https:\/\/api.w.org\/{rel}","templated":true}]}}