{"id":269564,"date":"2026-09-02T20:34:34","date_gmt":"2026-09-03T03:34:34","guid":{"rendered":"https:\/\/rnoticias.com.mx\/Portal\/?p=269564"},"modified":"2026-09-02T20:34:34","modified_gmt":"2026-09-03T03:34:34","slug":"asesinan-a-tecladista-de-camilo-septimo","status":"publish","type":"post","link":"https:\/\/rnoticias.com.mx\/Portal\/2026\/09\/02\/asesinan-a-tecladista-de-camilo-septimo\/","title":{"rendered":"Asesinan a tecladista de Camilo S\u00e9ptimo"},"content":{"rendered":"<p><mark>A trav\u00e9s de un comunicado en conjunto entre la\u00a0<strong>Secretar\u00eda de Seguridad y Protecci\u00f3n Ciudadana del Gobierno de M\u00e9xico (SSPC),<\/strong>\u00a0la<strong>\u00a0Secretar\u00eda de Seguridad Ciudadana de la Ciudad de M\u00e9xico (SSC CDMX)<\/strong>\u00a0y la\u00a0<strong>Fiscal\u00eda del Estado de M\u00e9xico<\/strong>, se inform\u00f3 del\u00a0<strong>hallazgo de cuatro v\u00edctimas privadas de la vida,<\/strong>\u00a0entre las que se encontraban\u00a0<strong>Jonath\u00e1n Samuel Mel\u00e9ndez<\/strong>, tecladista y fundador de la banda de rock mexicano\u00a0<strong>Camilo S\u00e9ptimo<\/strong>, su\u00a0<strong>esposa de 35 a\u00f1os y en estado de gestaci\u00f3n<\/strong>, su<strong>\u00a0hija de tres a\u00f1os de edad<\/strong>\u00a0y una<strong>\u00a0mujer del personal de servicio en el Estado de M\u00e9xico de 21 a\u00f1os de edad<\/strong>.\u00a0<\/mark>Adem\u00e1s de las v\u00edctimas mortales, se encontr\u00f3 la presencia de un menor de 6 a\u00f1os de edad con vida y sin signos de violencia al interior de un departamento residencial dentro del municipio.<\/p>\n<p>Los hechos de violencia fueron\u00a0<strong>reportados el d\u00eda de ayer 1 de septiembre, a las 23:50 horas<\/strong>, cuando la<strong>\u00a0polic\u00eda municipal de Atizap\u00e1n de Zaragoza i<\/strong>nform\u00f3 del\u00a0<strong>hallazgo de cuatro v\u00edctimas privadas de la vida<\/strong>\u00a0en un edificio de la &#8220;Zona Esmeralda&#8221; del municipio.<\/p>\n<p>La\u00a0<strong>Fiscal\u00eda General de Justicia del Estado de M\u00e9xico (FGJEM)<\/strong>\u00a0logr\u00f3 establecer la<strong>\u00a0probable participaci\u00f3n de dos masculinos,<\/strong>\u00a0quienes hab\u00edan aprovechado la relaci\u00f3n de confianza de uno de ellos con las v\u00edctimas para acceder al domicilio y perpetrar el hecho. En respuesta a dichas investigaciones, elementos de seguridad<strong>\u00a0detuvieron a Diego Sebasti\u00e1n &#8220;N&#8221;<\/strong>\u00a0como probable autor del homicidio m\u00faltiple y a\u00a0<strong>Gerardo &#8220;N&#8221;\u00a0<\/strong>tambi\u00e9n investigado por su probable intervenci\u00f3n en los hechos.<\/p>\n<div><\/div>\n<h2>\u00bfQui\u00e9n era Jonathan Mel\u00e9ndez?<\/h2>\n<p>El m\u00fasico tecladista era uno de los fundadores de\u00a0<strong>Camilo S\u00e9ptimo<\/strong>, banda de rock mexicana con m\u00e1s de 10 a\u00f1os de trayectoria.\u00a0<strong>Jonath\u00e1n era conocido en la escena de la m\u00fasica bajo su apodo &#8220;Hon\u00e1s&#8221;.<\/strong><\/p>\n<p><strong>Mel\u00e9ndez<\/strong>, adem\u00e1s de ser<strong>\u00a0tecladista, trabajaba como compositor y producci\u00f3n de material relacionado con Camilo S\u00e9ptimo<\/strong>. Arriba de los escenarios, tambi\u00e9n hac\u00eda uso de sintetizadores que formaron el sonido atmosf\u00e9rico y electr\u00f3nico caracter\u00edstico de la banda.<\/p>\n<p>A partir de 2013,\u00a0<strong>Camilo S\u00e9ptimo<\/strong>, se hizo un espacio en la escena a trav\u00e9s de canciones como &#8220;<strong>Portales<\/strong>&#8221; y &#8220;<strong>No conf\u00edes en m\u00ed<\/strong>&#8220;.<\/p>\n<p>Hasta el momento,<strong>\u00a0la banda no ha emitido declaraciones respecto a la noticia.<\/strong>\u00a0Su pr\u00f3ximo concierto est\u00e1 agendado para el 19 de septiembre y en su agenda se incluye una visita en Guadalajara en el festival Hermoso Cari\u00f1o el 7 de noviembre.<\/p>\n","protected":false},"excerpt":{"rendered":"<p>A trav\u00e9s de un comunicado en conjunto entre la\u00a0Secretar\u00eda de Seguridad y Protecci\u00f3n Ciudadana del Gobierno de M\u00e9xico (SSPC),\u00a0la\u00a0Secretar\u00eda de Seguridad Ciudadana de la Ciudad de M\u00e9xico (SSC CDMX)\u00a0y la\u00a0Fiscal\u00eda del Estado de M\u00e9xico, se inform\u00f3 del\u00a0hallazgo de cuatro v\u00edctimas privadas de la vida,\u00a0entre las que se encontraban\u00a0Jonath\u00e1n Samuel Mel\u00e9ndez, tecladista y fundador de la [&hellip;]<\/p>\n","protected":false},"author":2,"featured_media":269565,"comment_status":"closed","ping_status":"closed","sticky":false,"template":"","format":"standard","meta":{"footnotes":""},"categories":[12870,219],"tags":[12865,12875],"class_list":["post-269564","post","type-post","status-publish","format-standard","has-post-thumbnail","hentry","category-destacadas","category-espectaculos","tag-destacadas","tag-espectaculos"],"jetpack_featured_media_url":"https:\/\/rnoticias.com.mx\/Portal\/wp-content\/uploads\/2026\/09\/asesinan-tecladista-camilo-septimo-.jpg","amp_enabled":true,"_links":{"self":[{"href":"https:\/\/rnoticias.com.mx\/Portal\/wp-json\/wp\/v2\/posts\/269564","targetHints":{"allow":["GET"]}}],"collection":[{"href":"https:\/\/rnoticias.com.mx\/Portal\/wp-json\/wp\/v2\/posts"}],"about":[{"href":"https:\/\/rnoticias.com.mx\/Portal\/wp-json\/wp\/v2\/types\/post"}],"author":[{"embeddable":true,"href":"https:\/\/rnoticias.com.mx\/Portal\/wp-json\/wp\/v2\/users\/2"}],"replies":[{"embeddable":true,"href":"https:\/\/rnoticias.com.mx\/Portal\/wp-json\/wp\/v2\/comments?post=269564"}],"version-history":[{"count":1,"href":"https:\/\/rnoticias.com.mx\/Portal\/wp-json\/wp\/v2\/posts\/269564\/revisions"}],"predecessor-version":[{"id":269566,"href":"https:\/\/rnoticias.com.mx\/Portal\/wp-json\/wp\/v2\/posts\/269564\/revisions\/269566"}],"wp:featuredmedia":[{"embeddable":true,"href":"https:\/\/rnoticias.com.mx\/Portal\/wp-json\/wp\/v2\/media\/269565"}],"wp:attachment":[{"href":"https:\/\/rnoticias.com.mx\/Portal\/wp-json\/wp\/v2\/media?parent=269564"}],"wp:term":[{"taxonomy":"category","embeddable":true,"href":"https:\/\/rnoticias.com.mx\/Portal\/wp-json\/wp\/v2\/categories?post=269564"},{"taxonomy":"post_tag","embeddable":true,"href":"https:\/\/rnoticias.com.mx\/Portal\/wp-json\/wp\/v2\/tags?post=269564"}],"curies":[{"name":"wp","href":"https:\/\/api.w.org\/{rel}","templated":true}]}}