{"id":269561,"date":"2026-09-02T20:32:23","date_gmt":"2026-09-03T03:32:23","guid":{"rendered":"https:\/\/rnoticias.com.mx\/Portal\/?p=269561"},"modified":"2026-09-02T20:32:23","modified_gmt":"2026-09-03T03:32:23","slug":"ninas-y-ninos-de-puerto-penasco-se-comprometen-a-ser-promotores-por-la-paz","status":"publish","type":"post","link":"https:\/\/rnoticias.com.mx\/Portal\/2026\/09\/02\/ninas-y-ninos-de-puerto-penasco-se-comprometen-a-ser-promotores-por-la-paz\/","title":{"rendered":"Ni\u00f1as y ni\u00f1os de Puerto Pe\u00f1asco se comprometen a ser Promotores por La Paz"},"content":{"rendered":"<p>Puerto Pe\u00f1asco, Sonora; 2 de septiembre de 2026.- Con entusiasmo y compromiso, ni\u00f1as y ni\u00f1os de Puerto Pe\u00f1asco aceptaron desempe\u00f1arse como Promotores por la Paz y coadyuvar con la Secretar\u00eda de Seguridad y Protecci\u00f3n Ciudadana (SSPC) en acciones encaminadas a prevenir la violencia, fomentar valores e impulsar una vida saludable.<\/p>\n<p>Con el inicio del ciclo escolar, la SSPC instal\u00f3 en escuelas del municipio la Semana de Prevenci\u00f3n, con el prop\u00f3sito de promover la importancia de la Cultura de la Paz desde temprana edad.<\/p>\n<p>Durante la presente semana se desplegaron equipos integrados por polic\u00edas estatales, Unidad Cibern\u00e9tica y Centro de Prevenci\u00f3n del Delito y Participaci\u00f3n Ciudadana para trabajar con las y los estudiantes de las escuelas:<\/p>\n<p>\u2022 Primaria \u201cH\u00e9roes de Nacozari\u201d<\/p>\n<p>\u2022 Colegio Biling\u00fce Newland (Primaria)<\/p>\n<p>\u2022 Primaria \u201cJaime Nuno\u201d<\/p>\n<p>\u2022 Jard\u00edn de Ni\u00f1os \u201cGuadalupe Navarro Zamora\u201d<\/p>\n<p>\u2022 Colegio Liceo \u201cMonte Alb\u00e1n\u201d (Primaria)<\/p>\n<p>\u2022 Primaria \u201cArt\u00edculo 115 Constitucional\u201d<\/p>\n<p>En la Semana de la Prevenci\u00f3n se abordan temas relacionados con los riesgos a la salud del uso del vapeador, no al bullying y las consecuencias de la violencia digital. Y se desarrollan actividades recreativas en las que se ponen en pr\u00e1ctica valores indispensables para una sana convivencia.<\/p>\n<p>Con el apoyo de autoridades municipales, se realizaron operativos informativos en calles de la ciudad para compartir material que describe los programas orientados a prevenir delitos, como el Violent\u00f3metro y las aplicaciones m\u00f3viles Antiextorsi\u00f3n Sonora y Mujeres Seguras, as\u00ed como invitar a la ciudadan\u00eda a usar con responsabilidad la l\u00ednea de emergencias 9-1-1 y promover la denuncia an\u00f3nima en el n\u00famero 089.<\/p>\n","protected":false},"excerpt":{"rendered":"<p>Puerto Pe\u00f1asco, Sonora; 2 de septiembre de 2026.- Con entusiasmo y compromiso, ni\u00f1as y ni\u00f1os de Puerto Pe\u00f1asco aceptaron desempe\u00f1arse como Promotores por la Paz y coadyuvar con la Secretar\u00eda de Seguridad y Protecci\u00f3n Ciudadana (SSPC) en acciones encaminadas a prevenir la violencia, fomentar valores e impulsar una vida saludable. Con el inicio del ciclo [&hellip;]<\/p>\n","protected":false},"author":2,"featured_media":269562,"comment_status":"closed","ping_status":"closed","sticky":false,"template":"","format":"standard","meta":{"footnotes":""},"categories":[174],"tags":[12873],"class_list":["post-269561","post","type-post","status-publish","format-standard","has-post-thumbnail","hentry","category-estatal","tag-estatal"],"jetpack_featured_media_url":"https:\/\/rnoticias.com.mx\/Portal\/wp-content\/uploads\/2026\/09\/unnamed-3-1.jpg","amp_enabled":true,"_links":{"self":[{"href":"https:\/\/rnoticias.com.mx\/Portal\/wp-json\/wp\/v2\/posts\/269561","targetHints":{"allow":["GET"]}}],"collection":[{"href":"https:\/\/rnoticias.com.mx\/Portal\/wp-json\/wp\/v2\/posts"}],"about":[{"href":"https:\/\/rnoticias.com.mx\/Portal\/wp-json\/wp\/v2\/types\/post"}],"author":[{"embeddable":true,"href":"https:\/\/rnoticias.com.mx\/Portal\/wp-json\/wp\/v2\/users\/2"}],"replies":[{"embeddable":true,"href":"https:\/\/rnoticias.com.mx\/Portal\/wp-json\/wp\/v2\/comments?post=269561"}],"version-history":[{"count":1,"href":"https:\/\/rnoticias.com.mx\/Portal\/wp-json\/wp\/v2\/posts\/269561\/revisions"}],"predecessor-version":[{"id":269563,"href":"https:\/\/rnoticias.com.mx\/Portal\/wp-json\/wp\/v2\/posts\/269561\/revisions\/269563"}],"wp:featuredmedia":[{"embeddable":true,"href":"https:\/\/rnoticias.com.mx\/Portal\/wp-json\/wp\/v2\/media\/269562"}],"wp:attachment":[{"href":"https:\/\/rnoticias.com.mx\/Portal\/wp-json\/wp\/v2\/media?parent=269561"}],"wp:term":[{"taxonomy":"category","embeddable":true,"href":"https:\/\/rnoticias.com.mx\/Portal\/wp-json\/wp\/v2\/categories?post=269561"},{"taxonomy":"post_tag","embeddable":true,"href":"https:\/\/rnoticias.com.mx\/Portal\/wp-json\/wp\/v2\/tags?post=269561"}],"curies":[{"name":"wp","href":"https:\/\/api.w.org\/{rel}","templated":true}]}}