{"id":269549,"date":"2026-09-02T20:24:45","date_gmt":"2026-09-03T03:24:45","guid":{"rendered":"https:\/\/rnoticias.com.mx\/Portal\/?p=269549"},"modified":"2026-09-02T20:24:45","modified_gmt":"2026-09-03T03:24:45","slug":"inician-construccion-de-nuevo-edificio-para-prepatec-sonora-norte-con-ceremonia-de-primera-piedra","status":"publish","type":"post","link":"https:\/\/rnoticias.com.mx\/Portal\/2026\/09\/02\/inician-construccion-de-nuevo-edificio-para-prepatec-sonora-norte-con-ceremonia-de-primera-piedra\/","title":{"rendered":"Inician construcci\u00f3n de nuevo edificio para PrepaTec Sonora Norte con ceremonia de Primera Piedra"},"content":{"rendered":"<p style=\"font-weight: 400;\"><strong><b>Hermosillo, Sonora a 02 de septiembre 2026.-\u00a0<\/b><\/strong>En b\u00fasqueda de transformar vidas y comunidades a trav\u00e9s de la educaci\u00f3n, el Tecnol\u00f3gico de Monterrey dio inicio formalmente a la construcci\u00f3n del nuevo edificio de PrepaTec Sonora Norte en Hermosillo con una ceremonia de Primera Piedra.<\/p>\n<p>&nbsp;<\/p>\n<p style=\"font-weight: 400;\">El evento reuni\u00f3 a miembros del consejo Cultura y Ense\u00f1anza Superior del Norte de Sonora, profesores, alumnos y directivos, para presenciar el m\u00e1s reciente hito en la historia del campus.<\/p>\n<p>&nbsp;<\/p>\n<p style=\"font-weight: 400;\">\u201cLlegar a este momento ha sido posible gracias a la visi\u00f3n, el compromiso, el apoyo y el trabajo de muchas personas que han acompa\u00f1ado a campus Sonora Norte a lo largo de su historia\u201d, coment\u00f3 Luc\u00eda Canseco, directora general del campus.<\/p>\n<p>&nbsp;<\/p>\n<p style=\"font-weight: 400;\">Este nuevo edificio responde a las necesidades de la matr\u00edcula creciente de PrepaTec.<\/p>\n<p>&nbsp;<\/p>\n<p style=\"font-weight: 400;\">\u201cHace 43 a\u00f1os, PrepaTec comenz\u00f3 con 53 estudiantes. Hoy, iniciamos el ciclo 26-27 con una generaci\u00f3n de 840 j\u00f3venes que representan el futuro de nuestra comunidad y nuestro estado\u201d, comparti\u00f3 Canseco.<\/p>\n<p>&nbsp;<\/p>\n<p style=\"font-weight: 400;\">El proyecto contar\u00e1 con una superficie total de 5 mil metros cuadrados y 32 aulas distribuidas en 4 niveles, adem\u00e1s de espacios dedicados a mentor\u00eda, colaboraci\u00f3n y convivencia.<\/p>\n<p>&nbsp;<\/p>\n<p style=\"font-weight: 400;\">Juan Carlos Maz\u00f3n, presidente del consejo, enfatiz\u00f3 la capacidad de la educaci\u00f3n para transformar generaciones y a trav\u00e9s de ellas contribuir al desarrollo de nuestra ciudad de Sonora y de M\u00e9xico.<\/p>\n<p>&nbsp;<\/p>\n<p style=\"font-weight: 400;\">Rodrigo Ponce, director Regional Noroeste y PrepaTec Sonora\u00a0Norte subray\u00f3 que el edificio representa la potenciaci\u00f3n de la experiencia de aprendizaje y vivencia integral que PrepaTec ofrece a sus estudiantes. \u201cCreamos experiencias significativas y proyectos con alta colaboraci\u00f3n interdisciplinaria que beneficien a la sociedad por medio del uso de la tecnolog\u00eda para la innovaci\u00f3n, formando individuos \u00edntegros, responsables y comprometidos con la mejora de su comunidad, de Sonora, y M\u00e9xico\u201d.<\/p>\n<p>&nbsp;<\/p>\n<p style=\"font-weight: 400;\">Mateo Arredondo, vicepresidente Noroeste, resalt\u00f3 la importancia de mantener una cultura institucional s\u00f3lida basada en valores y bienestar estudiantil, m\u00e1s all\u00e1 de la infraestructura tecnol\u00f3gica.<\/p>\n<p>&nbsp;<\/p>\n<p style=\"font-weight: 400;\">Para concluir la ceremonia, un grupo de directivos, miembros del consejo y representantes de la comunidad estudiantil realizaron el acto simb\u00f3lico de inicio de obra al clavar palas en terreno.<\/p>\n<p>&nbsp;<\/p>\n<p style=\"font-weight: 400;\">\u201cPorque las grandes historias no se construyen solas, se construyen cuando una comunidad decide creer en ellas y hacerlas posible\u201d, concluy\u00f3 Canseco.<\/p>\n","protected":false},"excerpt":{"rendered":"<p>Hermosillo, Sonora a 02 de septiembre 2026.-\u00a0En b\u00fasqueda de transformar vidas y comunidades a trav\u00e9s de la educaci\u00f3n, el Tecnol\u00f3gico de Monterrey dio inicio formalmente a la construcci\u00f3n del nuevo edificio de PrepaTec Sonora Norte en Hermosillo con una ceremonia de Primera Piedra. &nbsp; El evento reuni\u00f3 a miembros del consejo Cultura y Ense\u00f1anza Superior [&hellip;]<\/p>\n","protected":false},"author":2,"featured_media":269550,"comment_status":"closed","ping_status":"closed","sticky":false,"template":"","format":"standard","meta":{"footnotes":""},"categories":[12870,178],"tags":[12865,12869],"class_list":["post-269549","post","type-post","status-publish","format-standard","has-post-thumbnail","hentry","category-destacadas","category-local","tag-destacadas","tag-local"],"jetpack_featured_media_url":"https:\/\/rnoticias.com.mx\/Portal\/wp-content\/uploads\/2026\/09\/IMG_9566.jpg","amp_enabled":true,"_links":{"self":[{"href":"https:\/\/rnoticias.com.mx\/Portal\/wp-json\/wp\/v2\/posts\/269549","targetHints":{"allow":["GET"]}}],"collection":[{"href":"https:\/\/rnoticias.com.mx\/Portal\/wp-json\/wp\/v2\/posts"}],"about":[{"href":"https:\/\/rnoticias.com.mx\/Portal\/wp-json\/wp\/v2\/types\/post"}],"author":[{"embeddable":true,"href":"https:\/\/rnoticias.com.mx\/Portal\/wp-json\/wp\/v2\/users\/2"}],"replies":[{"embeddable":true,"href":"https:\/\/rnoticias.com.mx\/Portal\/wp-json\/wp\/v2\/comments?post=269549"}],"version-history":[{"count":1,"href":"https:\/\/rnoticias.com.mx\/Portal\/wp-json\/wp\/v2\/posts\/269549\/revisions"}],"predecessor-version":[{"id":269551,"href":"https:\/\/rnoticias.com.mx\/Portal\/wp-json\/wp\/v2\/posts\/269549\/revisions\/269551"}],"wp:featuredmedia":[{"embeddable":true,"href":"https:\/\/rnoticias.com.mx\/Portal\/wp-json\/wp\/v2\/media\/269550"}],"wp:attachment":[{"href":"https:\/\/rnoticias.com.mx\/Portal\/wp-json\/wp\/v2\/media?parent=269549"}],"wp:term":[{"taxonomy":"category","embeddable":true,"href":"https:\/\/rnoticias.com.mx\/Portal\/wp-json\/wp\/v2\/categories?post=269549"},{"taxonomy":"post_tag","embeddable":true,"href":"https:\/\/rnoticias.com.mx\/Portal\/wp-json\/wp\/v2\/tags?post=269549"}],"curies":[{"name":"wp","href":"https:\/\/api.w.org\/{rel}","templated":true}]}}