{"id":269542,"date":"2026-09-02T20:12:28","date_gmt":"2026-09-03T03:12:28","guid":{"rendered":"https:\/\/rnoticias.com.mx\/Portal\/?p=269542"},"modified":"2026-09-02T20:12:28","modified_gmt":"2026-09-03T03:12:28","slug":"invita-tesoreria-municipal-a-jornada-de-atencion-en-soriana-progreso","status":"publish","type":"post","link":"https:\/\/rnoticias.com.mx\/Portal\/2026\/09\/02\/invita-tesoreria-municipal-a-jornada-de-atencion-en-soriana-progreso\/","title":{"rendered":"Invita Tesorer\u00eda Municipal a Jornada de atenci\u00f3n en Soriana Progreso"},"content":{"rendered":"<p><b data-olk-copy-source=\"MessageBody\">Hermosillo, Sonora; 2 de septiembre, 2026.-<\/b>\u00a0A fin de facilitar a la ciudadan\u00eda que liquide adeudos pendientes por contribuciones municipales, Tesorer\u00eda Municipal llevar\u00e1 sus servicios a la sucursal Soriana Progreso, del 3 al 5 de septiembre pr\u00f3ximos, inform\u00f3 Yazmina Anaya, directora de Ingresos de la dependencia.<\/p>\n<p>Quienes acudan e dicha jornada \u00a0obtendr\u00e1n una reducci\u00f3n a cero pesos en recargos al pagar en una sola exhibici\u00f3n el predial, multas de tr\u00e1nsito y multas administrativas, destac\u00f3 la funcionaria.<\/p>\n<p>El horario de servicio en la mencionada sede ser\u00e1 de las 9:00 a las 18:00 horas el jueves 3 y viernes 4 de septiembre, mientras que el s\u00e1bado 5 del mismo mes el personal atender\u00e1 de las 9:00 a las 15:00 horas, precis\u00f3 la directora de Ingresos de Tesorer\u00eda.<\/p>\n<p>Mencion\u00f3 que el viernes y s\u00e1bado se sumar\u00e1 un m\u00f3dulo del organismo operador Agua de Hermosillo, cuyo personal tambi\u00e9n atender\u00e1 a las y los usuarios.<\/p>\n<p>Se trata, explic\u00f3 de una de las estrategias acercamiento de servicios a la ciudadan\u00eda que impulsa el Presidente Municipal Antonio Astiazar\u00e1n Guti\u00e9rrez, que adem\u00e1s ofrece facilidades a las personas con inter\u00e9s de ponerse al corriente con sus contribuciones municipales.<\/p>\n<p>Yazmina Anaya invit\u00f3 a las y los hermosillenses a acudir a esta jornada y aprovechar los beneficios que estar\u00e1n disponibles.<\/p>\n","protected":false},"excerpt":{"rendered":"<p>Hermosillo, Sonora; 2 de septiembre, 2026.-\u00a0A fin de facilitar a la ciudadan\u00eda que liquide adeudos pendientes por contribuciones municipales, Tesorer\u00eda Municipal llevar\u00e1 sus servicios a la sucursal Soriana Progreso, del 3 al 5 de septiembre pr\u00f3ximos, inform\u00f3 Yazmina Anaya, directora de Ingresos de la dependencia. Quienes acudan e dicha jornada \u00a0obtendr\u00e1n una reducci\u00f3n a cero [&hellip;]<\/p>\n","protected":false},"author":2,"featured_media":269543,"comment_status":"closed","ping_status":"closed","sticky":false,"template":"","format":"standard","meta":{"footnotes":""},"categories":[12870,178],"tags":[12865,12869],"class_list":["post-269542","post","type-post","status-publish","format-standard","has-post-thumbnail","hentry","category-destacadas","category-local","tag-destacadas","tag-local"],"jetpack_featured_media_url":"https:\/\/rnoticias.com.mx\/Portal\/wp-content\/uploads\/2026\/09\/Invita-Tesoreria-Municipal-a-Jornada-de-atencion-en-Soriana-Progreso.jpeg","amp_enabled":true,"_links":{"self":[{"href":"https:\/\/rnoticias.com.mx\/Portal\/wp-json\/wp\/v2\/posts\/269542","targetHints":{"allow":["GET"]}}],"collection":[{"href":"https:\/\/rnoticias.com.mx\/Portal\/wp-json\/wp\/v2\/posts"}],"about":[{"href":"https:\/\/rnoticias.com.mx\/Portal\/wp-json\/wp\/v2\/types\/post"}],"author":[{"embeddable":true,"href":"https:\/\/rnoticias.com.mx\/Portal\/wp-json\/wp\/v2\/users\/2"}],"replies":[{"embeddable":true,"href":"https:\/\/rnoticias.com.mx\/Portal\/wp-json\/wp\/v2\/comments?post=269542"}],"version-history":[{"count":2,"href":"https:\/\/rnoticias.com.mx\/Portal\/wp-json\/wp\/v2\/posts\/269542\/revisions"}],"predecessor-version":[{"id":269545,"href":"https:\/\/rnoticias.com.mx\/Portal\/wp-json\/wp\/v2\/posts\/269542\/revisions\/269545"}],"wp:featuredmedia":[{"embeddable":true,"href":"https:\/\/rnoticias.com.mx\/Portal\/wp-json\/wp\/v2\/media\/269543"}],"wp:attachment":[{"href":"https:\/\/rnoticias.com.mx\/Portal\/wp-json\/wp\/v2\/media?parent=269542"}],"wp:term":[{"taxonomy":"category","embeddable":true,"href":"https:\/\/rnoticias.com.mx\/Portal\/wp-json\/wp\/v2\/categories?post=269542"},{"taxonomy":"post_tag","embeddable":true,"href":"https:\/\/rnoticias.com.mx\/Portal\/wp-json\/wp\/v2\/tags?post=269542"}],"curies":[{"name":"wp","href":"https:\/\/api.w.org\/{rel}","templated":true}]}}