{"id":269519,"date":"2026-09-02T19:17:56","date_gmt":"2026-09-03T02:17:56","guid":{"rendered":"https:\/\/rnoticias.com.mx\/Portal\/?p=269519"},"modified":"2026-09-02T19:17:56","modified_gmt":"2026-09-03T02:17:56","slug":"rogelio-cota-deja-movimiento-ciudadano-y-anuncia-nueva-etapa-politica","status":"publish","type":"post","link":"https:\/\/rnoticias.com.mx\/Portal\/2026\/09\/02\/rogelio-cota-deja-movimiento-ciudadano-y-anuncia-nueva-etapa-politica\/","title":{"rendered":"Rogelio Cota deja Movimiento Ciudadano y anuncia nueva etapa pol\u00edtica"},"content":{"rendered":"<p>Hermosillo, Sonora. Rogelio Cota Guti\u00e9rrez anunci\u00f3 este mi\u00e9rcoles 2 de septiembre su renuncia a la militancia de Movimiento Ciudadano, decisi\u00f3n que, asegur\u00f3, tom\u00f3 en congruencia con sus valores y principios.<\/p>\n<p>&nbsp;<\/p>\n<p>Durante una conferencia de prensa, el pol\u00edtico explic\u00f3 que su salida representa el cierre de una etapa, luego de considerar que el partido perdi\u00f3 el rumbo que buscaba consolidar como una alternativa pol\u00edtica.<\/p>\n<p>&nbsp;<\/p>\n<p>\u201cDejar MC es una decisi\u00f3n que me genera dolor, pero no estoy dispuesto a poner en juego mi dignidad ni mis convicciones ante situaciones que se estan viviendo al interior de ese partido\u201d, afirm\u00f3.<\/p>\n<p>&nbsp;<\/p>\n<p>Cota Guti\u00e9rrez dijo sentirse agradecido por el aprendizaje adquirido durante su permanencia en el partido y asegur\u00f3 que mantiene la motivaci\u00f3n para participar activamente en el futuro de Hermosillo.<\/p>\n<p>&nbsp;<\/p>\n<p>\u201cYo no nada m\u00e1s quiero ser espectador, yo quiero ser protagonista del futuro\u201d, expres\u00f3.<\/p>\n<p>&nbsp;<\/p>\n<p>El exmilitante destac\u00f3 que el trabajo pol\u00edtico tambi\u00e9n debe considerar a las nuevas generaciones y las condiciones que se dejar\u00e1n a los ni\u00f1os del ma\u00f1ana, por lo que llam\u00f3 a continuar impulsando alternativas que permitan que Hermosillo siga creciendo.<\/p>\n<p>&nbsp;<\/p>\n<p>&nbsp;<\/p>\n","protected":false},"excerpt":{"rendered":"<p>Hermosillo, Sonora. Rogelio Cota Guti\u00e9rrez anunci\u00f3 este mi\u00e9rcoles 2 de septiembre su renuncia a la militancia de Movimiento Ciudadano, decisi\u00f3n que, asegur\u00f3, tom\u00f3 en congruencia con sus valores y principios. &nbsp; Durante una conferencia de prensa, el pol\u00edtico explic\u00f3 que su salida representa el cierre de una etapa, luego de considerar que el partido perdi\u00f3 [&hellip;]<\/p>\n","protected":false},"author":2,"featured_media":269520,"comment_status":"closed","ping_status":"closed","sticky":false,"template":"","format":"standard","meta":{"footnotes":""},"categories":[12870,12868],"tags":[12865,12879],"class_list":["post-269519","post","type-post","status-publish","format-standard","has-post-thumbnail","hentry","category-destacadas","category-politica","tag-destacadas","tag-politica"],"jetpack_featured_media_url":"https:\/\/rnoticias.com.mx\/Portal\/wp-content\/uploads\/2026\/09\/5d16f409-7f7b-4851-bb08-3ae21932d1d2-1024x576-1.jpeg","amp_enabled":true,"_links":{"self":[{"href":"https:\/\/rnoticias.com.mx\/Portal\/wp-json\/wp\/v2\/posts\/269519","targetHints":{"allow":["GET"]}}],"collection":[{"href":"https:\/\/rnoticias.com.mx\/Portal\/wp-json\/wp\/v2\/posts"}],"about":[{"href":"https:\/\/rnoticias.com.mx\/Portal\/wp-json\/wp\/v2\/types\/post"}],"author":[{"embeddable":true,"href":"https:\/\/rnoticias.com.mx\/Portal\/wp-json\/wp\/v2\/users\/2"}],"replies":[{"embeddable":true,"href":"https:\/\/rnoticias.com.mx\/Portal\/wp-json\/wp\/v2\/comments?post=269519"}],"version-history":[{"count":1,"href":"https:\/\/rnoticias.com.mx\/Portal\/wp-json\/wp\/v2\/posts\/269519\/revisions"}],"predecessor-version":[{"id":269521,"href":"https:\/\/rnoticias.com.mx\/Portal\/wp-json\/wp\/v2\/posts\/269519\/revisions\/269521"}],"wp:featuredmedia":[{"embeddable":true,"href":"https:\/\/rnoticias.com.mx\/Portal\/wp-json\/wp\/v2\/media\/269520"}],"wp:attachment":[{"href":"https:\/\/rnoticias.com.mx\/Portal\/wp-json\/wp\/v2\/media?parent=269519"}],"wp:term":[{"taxonomy":"category","embeddable":true,"href":"https:\/\/rnoticias.com.mx\/Portal\/wp-json\/wp\/v2\/categories?post=269519"},{"taxonomy":"post_tag","embeddable":true,"href":"https:\/\/rnoticias.com.mx\/Portal\/wp-json\/wp\/v2\/tags?post=269519"}],"curies":[{"name":"wp","href":"https:\/\/api.w.org\/{rel}","templated":true}]}}