{"id":269509,"date":"2026-09-02T10:59:10","date_gmt":"2026-09-02T17:59:10","guid":{"rendered":"https:\/\/rnoticias.com.mx\/Portal\/?p=269509"},"modified":"2026-09-02T10:59:10","modified_gmt":"2026-09-02T17:59:10","slug":"unam-revelo-estados-con-mayor-riesgo-por-tormentas-electricas","status":"publish","type":"post","link":"https:\/\/rnoticias.com.mx\/Portal\/2026\/09\/02\/unam-revelo-estados-con-mayor-riesgo-por-tormentas-electricas\/","title":{"rendered":"UNAM revel\u00f3 estados con mayor riesgo por tormentas el\u00e9ctricas"},"content":{"rendered":"<p>Las tormentas el\u00e9ctricas representan un riesgo que suele pasar desapercibido, pero sus consecuencias pueden ser mortales. Un estudio realizado por investigadores de la Universidad Nacional Aut\u00f3noma de M\u00e9xico (UNAM) identific\u00f3\u00a0<strong>las regiones del pa\u00eds donde existe una mayor probabilidad de sufrir consecuencias graves por la ca\u00edda de rayos.<\/strong><\/p>\n<p>De acuerdo con datos de la Secretar\u00eda de Salud retomados por los especialistas, entre 1998 y 2021 se contabilizaron\u00a0<strong>2 mil 470 fallecimientos en M\u00e9xico relacionados con descargas el\u00e9ctricas atmosf\u00e9ricas.<\/strong><\/p>\n<p>La investigaci\u00f3n se\u00f1ala que el peligro no depende \u00fanicamente de la frecuencia con la que se presentan las tormentas. Tambi\u00e9n influyen las condiciones sociales y econ\u00f3micas de las comunidades, as\u00ed como la infraestructura disponible para proteger a la poblaci\u00f3n.<\/p>\n<p>&nbsp;<\/p>\n<h2>\u00bfCu\u00e1les son los estados con mayor riesgo por rayos?<\/h2>\n<p>El Estado de M\u00e9xico concentra el mayor n\u00famero de fallecimientos registrados durante el periodo analizado. Le siguen\u00a0<strong>Oaxaca, Michoac\u00e1n y Guerrero,\u00a0<\/strong>entidades donde tambi\u00e9n existen regiones con una combinaci\u00f3n importante de actividad el\u00e9ctrica y vulnerabilidad social. Dentro del Estado de M\u00e9xico, los investigadores identificaron municipios particularmente relevantes, entre ellos\u00a0<strong>Villa Victoria, San Felipe del Progreso, Ixtlahuaca y Toluca.<\/strong><\/p>\n<p>El mapa elaborado por los especialistas busca mostrar que una zona no necesariamente es peligrosa \u00fanicamente porque registre muchas tormentas. El riesgo aumenta cuando la poblaci\u00f3n expuesta cuenta con menos recursos para protegerse.<\/p>\n<h2>\u00bfPor qu\u00e9 las zonas rurales son m\u00e1s vulnerables?<\/h2>\n<p>Uno de los principales factores identificados por la investigaci\u00f3n es la actividad laboral al aire libre. En distintas comunidades rurales, muchas personas trabajan en actividades agr\u00edcolas y ganaderas, por lo que permanecen expuestas a las condiciones meteorol\u00f3gicas durante las tormentas.<strong>\u00a0En algunos casos, las condiciones econ\u00f3micas hacen dif\u00edcil suspender las labores o trasladarse r\u00e1pidamente a un sitio seguro.<\/strong><\/p>\n<p>A esto se suman otros factores, como la falta de refugios adecuados, viviendas con protecci\u00f3n el\u00e9ctrica insuficiente, infraestructura limitada y un acceso m\u00e1s complicado a servicios m\u00e9dicos de emergencia. Por ello,\u00a0<strong>los especialistas consideran que la mortalidad asociada con los rayos debe analizarse desde una perspectiva que combine el peligro meteorol\u00f3gico con la vulnerabilidad social.<\/strong><\/p>\n<div class=\"div-pos-7\"><\/div>\n<h2>M\u00e9xico registra menos muertes por rayos<\/h2>\n<p>Aunque la cifra acumulada resulta significativa, el estudio tambi\u00e9n se\u00f1ala que la tasa de mortalidad por rayos ha disminuido considerablemente en las \u00faltimas d\u00e9cadas.<\/p>\n<p>Seg\u00fan la investigaci\u00f3n de la UNAM, durante los a\u00f1os ochenta la tasa superaba las cinco muertes por cada mill\u00f3n de habitantes, mientras que actualmente se encuentra alrededor de\u00a0<strong>0.3 muertes por mill\u00f3n.\u00a0<\/strong>Entre los factores relacionados con esta reducci\u00f3n se encuentra el crecimiento de las zonas urbanas y el desplazamiento de poblaci\u00f3n de \u00e1reas rurales hacia ciudades, donde existe mayor infraestructura y protecci\u00f3n.<\/p>\n<p>Sin embargo, el riesgo no ha desaparecido. Las comunidades rurales contin\u00faan enfrentando una exposici\u00f3n considerable, especialmente durante la temporada de lluvias y tormentas el\u00e9ctricas.<\/p>\n<p>&nbsp;<\/p>\n<h2>\u00bfQu\u00e9 hacer durante una tormenta el\u00e9ctrica?<\/h2>\n<p>Ante la presencia de rayos, las autoridades y especialistas recomiendan evitar permanecer en espacios abiertos y buscar un refugio seguro. Tambi\u00e9n\u00a0<mark>es importante mantenerse alejado de \u00e1rboles aislados, postes y estructuras que puedan convertirse en puntos de impacto.<\/mark><\/p>\n<p>La investigaci\u00f3n de la UNAM destaca que la informaci\u00f3n y la prevenci\u00f3n son elementos fundamentales para reducir las muertes, particularmente en comunidades donde la exposici\u00f3n a las tormentas forma parte de las actividades cotidianas.<\/p>\n<p><strong>El mapa desarrollado por los investigadores permite identificar que el riesgo de los rayos en M\u00e9xico no se distribuye de manera uniforme<\/strong>\u00a0y que las condiciones sociales pueden marcar una diferencia importante entre una tormenta peligrosa y una tragedia.<\/p>\n","protected":false},"excerpt":{"rendered":"<p>Las tormentas el\u00e9ctricas representan un riesgo que suele pasar desapercibido, pero sus consecuencias pueden ser mortales. Un estudio realizado por investigadores de la Universidad Nacional Aut\u00f3noma de M\u00e9xico (UNAM) identific\u00f3\u00a0las regiones del pa\u00eds donde existe una mayor probabilidad de sufrir consecuencias graves por la ca\u00edda de rayos. De acuerdo con datos de la Secretar\u00eda de [&hellip;]<\/p>\n","protected":false},"author":2,"featured_media":269510,"comment_status":"closed","ping_status":"closed","sticky":false,"template":"","format":"standard","meta":{"footnotes":""},"categories":[12870,172],"tags":[12865,12874],"class_list":["post-269509","post","type-post","status-publish","format-standard","has-post-thumbnail","hentry","category-destacadas","category-nacional","tag-destacadas","tag-nacional"],"jetpack_featured_media_url":"https:\/\/rnoticias.com.mx\/Portal\/wp-content\/uploads\/2026\/09\/trueno-5d5686a0-focus-0-0-628-374.webp","amp_enabled":true,"_links":{"self":[{"href":"https:\/\/rnoticias.com.mx\/Portal\/wp-json\/wp\/v2\/posts\/269509","targetHints":{"allow":["GET"]}}],"collection":[{"href":"https:\/\/rnoticias.com.mx\/Portal\/wp-json\/wp\/v2\/posts"}],"about":[{"href":"https:\/\/rnoticias.com.mx\/Portal\/wp-json\/wp\/v2\/types\/post"}],"author":[{"embeddable":true,"href":"https:\/\/rnoticias.com.mx\/Portal\/wp-json\/wp\/v2\/users\/2"}],"replies":[{"embeddable":true,"href":"https:\/\/rnoticias.com.mx\/Portal\/wp-json\/wp\/v2\/comments?post=269509"}],"version-history":[{"count":1,"href":"https:\/\/rnoticias.com.mx\/Portal\/wp-json\/wp\/v2\/posts\/269509\/revisions"}],"predecessor-version":[{"id":269511,"href":"https:\/\/rnoticias.com.mx\/Portal\/wp-json\/wp\/v2\/posts\/269509\/revisions\/269511"}],"wp:featuredmedia":[{"embeddable":true,"href":"https:\/\/rnoticias.com.mx\/Portal\/wp-json\/wp\/v2\/media\/269510"}],"wp:attachment":[{"href":"https:\/\/rnoticias.com.mx\/Portal\/wp-json\/wp\/v2\/media?parent=269509"}],"wp:term":[{"taxonomy":"category","embeddable":true,"href":"https:\/\/rnoticias.com.mx\/Portal\/wp-json\/wp\/v2\/categories?post=269509"},{"taxonomy":"post_tag","embeddable":true,"href":"https:\/\/rnoticias.com.mx\/Portal\/wp-json\/wp\/v2\/tags?post=269509"}],"curies":[{"name":"wp","href":"https:\/\/api.w.org\/{rel}","templated":true}]}}