{"id":269500,"date":"2026-09-02T10:33:31","date_gmt":"2026-09-02T17:33:31","guid":{"rendered":"https:\/\/rnoticias.com.mx\/Portal\/?p=269500"},"modified":"2026-09-02T10:33:31","modified_gmt":"2026-09-02T17:33:31","slug":"claudia-sheinbaum-niega-que-lopez-obrador-meta-mano-en-su-gobierno","status":"publish","type":"post","link":"https:\/\/rnoticias.com.mx\/Portal\/2026\/09\/02\/claudia-sheinbaum-niega-que-lopez-obrador-meta-mano-en-su-gobierno\/","title":{"rendered":"Claudia Sheinbaum niega que L\u00f3pez Obrador meta mano en su gobierno"},"content":{"rendered":"<p>La Presidenta\u00a0<mark><strong>Claudia Sheinbaum Pardo rechaz\u00f3 que exista una divisi\u00f3n entre su gobierno y el expresidente Andr\u00e9s Manuel L\u00f3pez Obrador<\/strong><\/mark>, y asegur\u00f3 que\u00a0<mark><strong>su antecesor ha sido &#8220;sumamente respetuoso&#8221; con las decisiones de su administraci\u00f3n<\/strong><\/mark>.<\/p>\n<p><strong>&#8220;El presidente Andr\u00e9s Manuel L\u00f3pez Obrador ha sido sumamente respetuoso con nuestro gobierno, sumamente respetuoso. No ha mandado ning\u00fan mensaje: &#8216;haz esto, haz aquello&#8217;. No estoy de acuerdo con esto que hiciste, no me parece'&#8221;<\/strong>, sostuvo.<\/p>\n<div id=\"teads_ad\"><\/div>\n<div class=\"div-pos-2\"><\/div>\n<h2>Ni &#8220;obradoristas&#8221; ni &#8220;claudistas&#8221;<\/h2>\n<p>Durante la conferencia matutina de este\u00a0<strong>mi\u00e9rcoles 2 de septiembre<\/strong>, la Mandataria indic\u00f3 que en redes sociales\u00a0<strong>se habla sobre una divisi\u00f3n y la existencia de un grupo de &#8220;obradoristas&#8221; y otro de &#8220;claudistas&#8221;, lo que calific\u00f3 como &#8220;absolutamente absurdo&#8221;<\/strong>, pues reiter\u00f3 que el expresidente L\u00f3pez Obrador ha sido respetuoso con su gobierno y consider\u00f3 que la idea de que est\u00e9 detr\u00e1s gobernando es machista.<\/p>\n<p>&#8220;No ha habido una sola llamada que me haya dicho: &#8216;haz esto haz aquello&#8217;.\u00a0<mark><strong>Esta idea de que detr\u00e1s de la Presidenta est\u00e1 gobernando L\u00f3pez Obrador es una idea muy machista<\/strong><\/mark>, la verdad, de que las mujeres no tenemos ninguna posibilidad de desarrollar el gobierno o de que no hay capacidad de nadie m\u00e1s que en el presidente L\u00f3pez Obrador&#8221;, se\u00f1al\u00f3.<\/p>\n<p>En Palacio Nacional, reiter\u00f3 que estos comentarios sugieren que las mujeres no pueden ejercer el gobierno. La Jefa del Ejecutivo detall\u00f3 que\u00a0<strong>el exmandatario federal est\u00e1 terminando su segundo libro como parte de su retiro de la vida p\u00fablica, adem\u00e1s de dedicarse a la &#8220;reflexi\u00f3n y pensamiento&#8221;<\/strong>.<\/p>\n<h2>Candidaturas en Morena y respuesta a las cr\u00edticas de la oposici\u00f3n<\/h2>\n<p>Por otro lado, Sheinbaum Pardo tambi\u00e9n contest\u00f3 a las cr\u00edticas al movimiento de la Cuarta Transformaci\u00f3n dada las acusaciones de Estados Unidos hacia Rub\u00e9n Rocha Moya, pues asegur\u00f3 que\u00a0<mark><strong>sus opositores &#8220;ya se inventaron que hay una pugna interna<\/strong><\/mark>&#8220;, luego de que el sinaloense tom\u00f3 la decisi\u00f3n de regresar a la gubernatura sin consultar con Morena o el gobierno federal.<\/p>\n<p>&#8220;Ahora que pas\u00f3 lo de Sinaloa, lo de Rocha y dem\u00e1s, ya se inventaron de que hay una pugna interna. Y de que &#8216;vamos a ver si la Presidenta, ahora s\u00ed pone a sus candidatos para demostrar que tiene el control del pa\u00eds&#8217;. Bueno,\u00a0<strong>los candidatos en Morena los pone el pueblo porque lo ponen las encuestas<\/strong>. Ni siquiera la Presidenta participa, ni en su momento el presidente L\u00f3pez Obrador, en definir a los candidatos&#8221;, puntualiz\u00f3.<\/p>\n<p><mark><strong>Calific\u00f3 como &#8220;absolutamente falso&#8221; que haya divisi\u00f3n y acus\u00f3 al bloque opositor quiere difundir la idea de que haya una divisi\u00f3n interna &#8220;pero van a fracasar&#8221;<\/strong><\/mark>. Sheinbaum Pardo tambi\u00e9n indic\u00f3 que buscan debilitar al movimiento que representa. Destac\u00f3 que las encuestas a la poblaci\u00f3n representan el respaldo hacia su gobierno y su gabinete.<\/p>\n<p>&#8220;La aprobaci\u00f3n que tenemos en o que tiene el gobierno de M\u00e9xico, porque no solo es la Presidenta, tiene que ver con que no hemos traicionado, con que nos mantenemos primero con los principios que siempre mantuvimos, principios que tienen que ver con no robar,<strong>\u00a0no mentir y no traicionar al pueblo<\/strong>. Pero tambi\u00e9n con principios que tienen que ver con c\u00f3mo gobernamos.<\/p>\n<p>&#8220;Como no hemos traicionado, nos hemos comportado con rectitud, con honestidad, con honradez. Y cumpliendo los compromisos que hicimos con el pueblo de M\u00e9xico durante la campa\u00f1a.\u00a0<strong>La gente est\u00e1 contenta con nosotros<\/strong>. Y adem\u00e1s, sabe que hubo un cambio profundo y no quiero regresar al pasado. Eso es lo que reflejan las encuestas. Aparte, pues del agradecimiento a la gente por el apoyo&#8221;, indic\u00f3 esta ma\u00f1ana.<\/p>\n<p>&nbsp;<\/p>\n<p><i>Con informaci\u00f3n de SUN<\/i><\/p>\n","protected":false},"excerpt":{"rendered":"<p>La Presidenta\u00a0Claudia Sheinbaum Pardo rechaz\u00f3 que exista una divisi\u00f3n entre su gobierno y el expresidente Andr\u00e9s Manuel L\u00f3pez Obrador, y asegur\u00f3 que\u00a0su antecesor ha sido &#8220;sumamente respetuoso&#8221; con las decisiones de su administraci\u00f3n. &#8220;El presidente Andr\u00e9s Manuel L\u00f3pez Obrador ha sido sumamente respetuoso con nuestro gobierno, sumamente respetuoso. No ha mandado ning\u00fan mensaje: &#8216;haz esto, [&hellip;]<\/p>\n","protected":false},"author":2,"featured_media":269501,"comment_status":"closed","ping_status":"closed","sticky":false,"template":"","format":"standard","meta":{"footnotes":""},"categories":[12870,12868],"tags":[12865,12879],"class_list":["post-269500","post","type-post","status-publish","format-standard","has-post-thumbnail","hentry","category-destacadas","category-politica","tag-destacadas","tag-politica"],"jetpack_featured_media_url":"https:\/\/rnoticias.com.mx\/Portal\/wp-content\/uploads\/2026\/09\/ClauDiaShein_AMLO_Cuartoscuro1.jpg","amp_enabled":true,"_links":{"self":[{"href":"https:\/\/rnoticias.com.mx\/Portal\/wp-json\/wp\/v2\/posts\/269500","targetHints":{"allow":["GET"]}}],"collection":[{"href":"https:\/\/rnoticias.com.mx\/Portal\/wp-json\/wp\/v2\/posts"}],"about":[{"href":"https:\/\/rnoticias.com.mx\/Portal\/wp-json\/wp\/v2\/types\/post"}],"author":[{"embeddable":true,"href":"https:\/\/rnoticias.com.mx\/Portal\/wp-json\/wp\/v2\/users\/2"}],"replies":[{"embeddable":true,"href":"https:\/\/rnoticias.com.mx\/Portal\/wp-json\/wp\/v2\/comments?post=269500"}],"version-history":[{"count":1,"href":"https:\/\/rnoticias.com.mx\/Portal\/wp-json\/wp\/v2\/posts\/269500\/revisions"}],"predecessor-version":[{"id":269502,"href":"https:\/\/rnoticias.com.mx\/Portal\/wp-json\/wp\/v2\/posts\/269500\/revisions\/269502"}],"wp:featuredmedia":[{"embeddable":true,"href":"https:\/\/rnoticias.com.mx\/Portal\/wp-json\/wp\/v2\/media\/269501"}],"wp:attachment":[{"href":"https:\/\/rnoticias.com.mx\/Portal\/wp-json\/wp\/v2\/media?parent=269500"}],"wp:term":[{"taxonomy":"category","embeddable":true,"href":"https:\/\/rnoticias.com.mx\/Portal\/wp-json\/wp\/v2\/categories?post=269500"},{"taxonomy":"post_tag","embeddable":true,"href":"https:\/\/rnoticias.com.mx\/Portal\/wp-json\/wp\/v2\/tags?post=269500"}],"curies":[{"name":"wp","href":"https:\/\/api.w.org\/{rel}","templated":true}]}}