{"id":269490,"date":"2026-09-01T20:44:01","date_gmt":"2026-09-02T03:44:01","guid":{"rendered":"https:\/\/rnoticias.com.mx\/Portal\/?p=269490"},"modified":"2026-09-01T20:44:01","modified_gmt":"2026-09-02T03:44:01","slug":"capturan-e-imputan-a-implicado-en-un-homicidio-en-imuris","status":"publish","type":"post","link":"https:\/\/rnoticias.com.mx\/Portal\/2026\/09\/01\/capturan-e-imputan-a-implicado-en-un-homicidio-en-imuris\/","title":{"rendered":"Capturan e imputan a implicado en un homicidio en \u00cdmuris"},"content":{"rendered":"<p>\u00cdmuris, Sonora, 1 de septiembre de 2026.- A pocos d\u00edas de los hechos, elementos de la Agencia Ministerial de Investigaci\u00f3n Criminal (AMIC) capturaron, con una orden de aprehensi\u00f3n, a \u00d3scar \u201cN\u201d por su probable responsabilidad en el homicidio simple intencional de Juan Antol\u00edn \u201cN\u201d, ocurrido en la localidad de Los Janos, municipio de \u00cdmuris.<\/p>\n<p>Durante la audiencia, el Ministerio P\u00fablico, de la Fiscal\u00eda General de Justicia del Estado de Sonora (FGJES) formul\u00f3 imputaci\u00f3n y expuso los datos integrados en la investigaci\u00f3n. La resoluci\u00f3n sobre la vinculaci\u00f3n a proceso qued\u00f3 pendiente al ampliarse el t\u00e9rmino constitucional; el Juez impuso la prisi\u00f3n preventiva justificada.<\/p>\n<p>De acuerdo con la imputaci\u00f3n, entre las 02:00 y las 03:00 horas del pasado 23 de agosto, la v\u00edctima se encontraba dormida en el exterior de los dormitorios de un invernadero ubicado sobre la Carretera Federal 10-40, a la altura del kil\u00f3metro 214, cuando presuntamente fue atacada de manera sorpresiva.<\/p>\n<p>La teor\u00eda del caso establece que entre ambos exist\u00eda un conflicto previo, debido a que el imputado supon\u00eda que Juan Antol\u00edn \u201cN\u201d le hab\u00eda sustra\u00eddo comida. \u00d3scar \u201cN\u201d presuntamente aprovech\u00f3 la hora, la oscuridad y la condici\u00f3n de vulnerabilidad de la v\u00edctima para agredirla f\u00edsicamente y causarle lesiones graves que posteriormente provocaron su muerte.<\/p>\n<p>La ejecuci\u00f3n de la orden de aprehensi\u00f3n permiti\u00f3 llevar al imputado ante la autoridad judicial, donde la representaci\u00f3n social sostiene jur\u00eddicamente el caso en espera de que se resuelva su situaci\u00f3n legal.<\/p>\n<p>La Fiscal\u00eda General de Justicia del Estado de Sonora mantendr\u00e1 una actuaci\u00f3n firme en cada etapa del proceso, fortaleciendo la investigaci\u00f3n y la acci\u00f3n penal para procurar justicia a la v\u00edctima y evitar que los delitos contra la vida queden impunes en Sonora.<\/p>\n","protected":false},"excerpt":{"rendered":"<p>\u00cdmuris, Sonora, 1 de septiembre de 2026.- A pocos d\u00edas de los hechos, elementos de la Agencia Ministerial de Investigaci\u00f3n Criminal (AMIC) capturaron, con una orden de aprehensi\u00f3n, a \u00d3scar \u201cN\u201d por su probable responsabilidad en el homicidio simple intencional de Juan Antol\u00edn \u201cN\u201d, ocurrido en la localidad de Los Janos, municipio de \u00cdmuris. Durante [&hellip;]<\/p>\n","protected":false},"author":2,"featured_media":269491,"comment_status":"closed","ping_status":"closed","sticky":false,"template":"","format":"standard","meta":{"footnotes":""},"categories":[174],"tags":[12873],"class_list":["post-269490","post","type-post","status-publish","format-standard","has-post-thumbnail","hentry","category-estatal","tag-estatal"],"jetpack_featured_media_url":"https:\/\/rnoticias.com.mx\/Portal\/wp-content\/uploads\/2026\/09\/8u.jpg","amp_enabled":true,"_links":{"self":[{"href":"https:\/\/rnoticias.com.mx\/Portal\/wp-json\/wp\/v2\/posts\/269490","targetHints":{"allow":["GET"]}}],"collection":[{"href":"https:\/\/rnoticias.com.mx\/Portal\/wp-json\/wp\/v2\/posts"}],"about":[{"href":"https:\/\/rnoticias.com.mx\/Portal\/wp-json\/wp\/v2\/types\/post"}],"author":[{"embeddable":true,"href":"https:\/\/rnoticias.com.mx\/Portal\/wp-json\/wp\/v2\/users\/2"}],"replies":[{"embeddable":true,"href":"https:\/\/rnoticias.com.mx\/Portal\/wp-json\/wp\/v2\/comments?post=269490"}],"version-history":[{"count":1,"href":"https:\/\/rnoticias.com.mx\/Portal\/wp-json\/wp\/v2\/posts\/269490\/revisions"}],"predecessor-version":[{"id":269492,"href":"https:\/\/rnoticias.com.mx\/Portal\/wp-json\/wp\/v2\/posts\/269490\/revisions\/269492"}],"wp:featuredmedia":[{"embeddable":true,"href":"https:\/\/rnoticias.com.mx\/Portal\/wp-json\/wp\/v2\/media\/269491"}],"wp:attachment":[{"href":"https:\/\/rnoticias.com.mx\/Portal\/wp-json\/wp\/v2\/media?parent=269490"}],"wp:term":[{"taxonomy":"category","embeddable":true,"href":"https:\/\/rnoticias.com.mx\/Portal\/wp-json\/wp\/v2\/categories?post=269490"},{"taxonomy":"post_tag","embeddable":true,"href":"https:\/\/rnoticias.com.mx\/Portal\/wp-json\/wp\/v2\/tags?post=269490"}],"curies":[{"name":"wp","href":"https:\/\/api.w.org\/{rel}","templated":true}]}}