{"id":269475,"date":"2026-09-01T20:27:43","date_gmt":"2026-09-02T03:27:43","guid":{"rendered":"https:\/\/rnoticias.com.mx\/Portal\/?p=269475"},"modified":"2026-09-01T20:27:43","modified_gmt":"2026-09-02T03:27:43","slug":"designa-ine-cuatro-consejerias-electorales-del-instituto-electoral-de-michoacan","status":"publish","type":"post","link":"https:\/\/rnoticias.com.mx\/Portal\/2026\/09\/01\/designa-ine-cuatro-consejerias-electorales-del-instituto-electoral-de-michoacan\/","title":{"rendered":"Designa INE cuatro Consejer\u00edas Electorales del Instituto Electoral de Michoac\u00e1n"},"content":{"rendered":"<p class=\"x_MsoNormal\"><span data-olk-copy-source=\"MessageBody\">El Consejo General del Instituto Nacional Electoral (INE) aprob\u00f3 la designaci\u00f3n de cuatro Consejer\u00edas Electorales del Instituto Electoral de Michoac\u00e1n (IEM), como resultado del proceso de selecci\u00f3n y designaci\u00f3n llevado a cabo para cubrir las vacantes de este Organismo P\u00fablico Local (OPL).<\/span><\/p>\n<p class=\"x_MsoNormal\">\n<p class=\"x_MsoNormal\">Las personas designadas son Flor Juana Mendoza Z\u00e1rate, como Consejera Electoral, y Jorge Luis Hern\u00e1ndez Altamirano, como Consejero Electoral, quienes ocupar\u00e1n el cargo por un periodo de siete a\u00f1os, del 1 de septiembre de 2026 al 31 de agosto de 2033.<\/p>\n<p class=\"x_MsoNormal\">\n<p class=\"x_MsoNormal\">En la sesi\u00f3n de Consejo qued\u00f3 pendiente la designaci\u00f3n de la Presidencia del IEM, toda vez que la candidatura de Elizabeth Guadalupe Vega Ch\u00e1vez fue rechazada por siete votos a favor y cuatro en contra, en virtud de que debe de tener un m\u00ednimo de ocho votos.<\/p>\n<p class=\"x_MsoNormal\">\n<p class=\"x_MsoNormal\">Asimismo, se designaron a Sandra Nalleli Rangel Jim\u00e9nez e Ian Aguilar Madrigal como Consejera y Consejero Electoral, para el periodo correspondiente a las vacantes que ocupan, del 1 de septiembre de 2026 al 30 de septiembre de 2031.<\/p>\n<p class=\"x_MsoNormal\">\n<p class=\"x_MsoNormal\">Durante el proceso, 242 personas presentaron solicitudes de registro, de las cuales 215 cumplieron con los requisitos legales, 101 mujeres, 113 hombres y una persona no binaria, quienes accedieron a la etapa de examen de conocimientos.<\/p>\n<p class=\"x_MsoNormal\">\n<p class=\"x_MsoNormal\">Posteriormente, 41 personas aspirantes avanzaron a la etapa de ensayo, de las cuales 30, 15 mujeres y 15 hombres, obtuvieron un dictamen id\u00f3neo y accedieron a la etapa de valoraci\u00f3n curricular y entrevista.<\/p>\n<p class=\"x_MsoNormal\">\n<p class=\"x_MsoNormal\">Las entrevistas se llevaron a cabo de manera virtual el 21 de agosto de 2026, a cargo de tres grupos integrados por consejeras y consejeros electorales del INE. Para esta etapa se consideraron las competencias gerenciales, la valoraci\u00f3n curricular y la entrevista.<\/p>\n<p class=\"x_MsoNormal\">\n<p class=\"x_MsoNormal\">A partir de la valoraci\u00f3n individual de la idoneidad de las personas aspirantes y del an\u00e1lisis integral realizado durante el procedimiento, se determin\u00f3 que las personas designadas cumplen con los requisitos legales y cuentan con el perfil, conocimientos, aptitudes y trayectoria necesarios para desempe\u00f1ar los cargos. Asimismo, su designaci\u00f3n garantiza el cumplimiento del principio de paridad de g\u00e9nero en la integraci\u00f3n del \u00f3rgano superior de direcci\u00f3n del OPL.<\/p>\n<p class=\"x_MsoNormal\">\n<p class=\"x_MsoNormal\">Las cuatro personas designadas tomar\u00e1n posesi\u00f3n y rendir\u00e1n protesta de ley el 1 de septiembre de 2026, durante la sesi\u00f3n solemne del \u00f3rgano m\u00e1ximo de direcci\u00f3n del Instituto Electoral de Michoac\u00e1n.<\/p>\n","protected":false},"excerpt":{"rendered":"<p>El Consejo General del Instituto Nacional Electoral (INE) aprob\u00f3 la designaci\u00f3n de cuatro Consejer\u00edas Electorales del Instituto Electoral de Michoac\u00e1n (IEM), como resultado del proceso de selecci\u00f3n y designaci\u00f3n llevado a cabo para cubrir las vacantes de este Organismo P\u00fablico Local (OPL). Las personas designadas son Flor Juana Mendoza Z\u00e1rate, como Consejera Electoral, y Jorge [&hellip;]<\/p>\n","protected":false},"author":2,"featured_media":269476,"comment_status":"closed","ping_status":"closed","sticky":false,"template":"","format":"standard","meta":{"footnotes":""},"categories":[12868],"tags":[12879],"class_list":["post-269475","post","type-post","status-publish","format-standard","has-post-thumbnail","hentry","category-politica","tag-politica"],"jetpack_featured_media_url":"https:\/\/rnoticias.com.mx\/Portal\/wp-content\/uploads\/2026\/09\/99.jpg","amp_enabled":true,"_links":{"self":[{"href":"https:\/\/rnoticias.com.mx\/Portal\/wp-json\/wp\/v2\/posts\/269475","targetHints":{"allow":["GET"]}}],"collection":[{"href":"https:\/\/rnoticias.com.mx\/Portal\/wp-json\/wp\/v2\/posts"}],"about":[{"href":"https:\/\/rnoticias.com.mx\/Portal\/wp-json\/wp\/v2\/types\/post"}],"author":[{"embeddable":true,"href":"https:\/\/rnoticias.com.mx\/Portal\/wp-json\/wp\/v2\/users\/2"}],"replies":[{"embeddable":true,"href":"https:\/\/rnoticias.com.mx\/Portal\/wp-json\/wp\/v2\/comments?post=269475"}],"version-history":[{"count":1,"href":"https:\/\/rnoticias.com.mx\/Portal\/wp-json\/wp\/v2\/posts\/269475\/revisions"}],"predecessor-version":[{"id":269477,"href":"https:\/\/rnoticias.com.mx\/Portal\/wp-json\/wp\/v2\/posts\/269475\/revisions\/269477"}],"wp:featuredmedia":[{"embeddable":true,"href":"https:\/\/rnoticias.com.mx\/Portal\/wp-json\/wp\/v2\/media\/269476"}],"wp:attachment":[{"href":"https:\/\/rnoticias.com.mx\/Portal\/wp-json\/wp\/v2\/media?parent=269475"}],"wp:term":[{"taxonomy":"category","embeddable":true,"href":"https:\/\/rnoticias.com.mx\/Portal\/wp-json\/wp\/v2\/categories?post=269475"},{"taxonomy":"post_tag","embeddable":true,"href":"https:\/\/rnoticias.com.mx\/Portal\/wp-json\/wp\/v2\/tags?post=269475"}],"curies":[{"name":"wp","href":"https:\/\/api.w.org\/{rel}","templated":true}]}}