{"id":269441,"date":"2026-09-01T19:39:38","date_gmt":"2026-09-02T02:39:38","guid":{"rendered":"https:\/\/rnoticias.com.mx\/Portal\/?p=269441"},"modified":"2026-09-01T19:39:38","modified_gmt":"2026-09-02T02:39:38","slug":"nueva-alianza-sonora-impulsara-leyes-a-favor-de-la-educacion-empleo-agua-y-medio-ambiente","status":"publish","type":"post","link":"https:\/\/rnoticias.com.mx\/Portal\/2026\/09\/01\/nueva-alianza-sonora-impulsara-leyes-a-favor-de-la-educacion-empleo-agua-y-medio-ambiente\/","title":{"rendered":"Nueva Alianza Sonora impulsar\u00e1 leyes a favor de la educaci\u00f3n, empleo, agua y medio ambiente"},"content":{"rendered":"<p>Hermosillo, Sonora; 1 de septiembre de 2026.- Con el prop\u00f3sito de profundizar las transformaciones profundas que vive el estado, la bancada del Partido Nueva Alianza Sonora en el Congreso del Estado impulsar\u00e1 una agenda legislativa que tendr\u00e1 como prioridad la educaci\u00f3n, la generaci\u00f3n de empleos, agua, medio ambiente y el apoyo al desarrollo municipal.<\/p>\n<p>El coordinador del grupo parlamentario turqueza, en representaci\u00f3n de la diputada Rebeca Silva Gallardo y del diputado Eduardo Quiroga Jim\u00e9nez, detall\u00f3 que apoyar\u00e1n acciones legislativas para asegurar el derecho a la educaci\u00f3n y el abatimiento de la descerci\u00f3n escolar. Al mismo tiempo, buscar\u00e1n la mejora de las condiciones de trabajo de la comunidad docente a trav\u00e9s del fortalecimiento de la carrera magisterial y un sistema profesional justo con procesos claros de promoci\u00f3n y estabilidad laboral.<\/p>\n<p>En la sesi\u00f3n ordinaria del Poder Legislativo, el legislador dijo que su bancada impulsar\u00e1 la creaci\u00f3n de estrategias de generaci\u00f3n de empleo, como el fomento del cooperativismo costero, la capacitaci\u00f3n t\u00e9cnica para las juventudes locales y el impulso a productos sonorenses.<\/p>\n<p>Adicionalmente, en el tema la justicia h\u00eddrica y ambiental, Salazar L\u00f3pez se comprometi\u00f3 a promover que los beneficios del hist\u00f3rico Plan de Justicia para Cananea se extiendan definitivamente en toda la cuenca del r\u00edo Sonora y se cumplan los compromisos adquiridos para la remediaci\u00f3n ambiental de la regi\u00f3n.<\/p>\n<p>Declar\u00f3 que con la capacitaci\u00f3n de los municipios por medio de la aplicaci\u00f3n del Presupuesto en Base a Resultados, las y los diputados de Nueva Alianza Sonora se enfocar\u00e1n en la correcta actualizaci\u00f3n y entrega de las Tablas de Valores y Uso de Suelo como un instrumento para fortalecer la recaudaci\u00f3n municipal. As\u00ed mismo, trabajar\u00e1n con los 72 ayuntamientos del estado, para que presenten sus proyectos presupuestales libres de cobros y tarifas inconstitucionales y acordes a las verdaderas necesidades de los contribuyentes.<\/p>\n","protected":false},"excerpt":{"rendered":"<p>Hermosillo, Sonora; 1 de septiembre de 2026.- Con el prop\u00f3sito de profundizar las transformaciones profundas que vive el estado, la bancada del Partido Nueva Alianza Sonora en el Congreso del Estado impulsar\u00e1 una agenda legislativa que tendr\u00e1 como prioridad la educaci\u00f3n, la generaci\u00f3n de empleos, agua, medio ambiente y el apoyo al desarrollo municipal. El [&hellip;]<\/p>\n","protected":false},"author":2,"featured_media":269442,"comment_status":"closed","ping_status":"closed","sticky":false,"template":"","format":"standard","meta":{"footnotes":""},"categories":[12868],"tags":[12879],"class_list":["post-269441","post","type-post","status-publish","format-standard","has-post-thumbnail","hentry","category-politica","tag-politica"],"jetpack_featured_media_url":"https:\/\/rnoticias.com.mx\/Portal\/wp-content\/uploads\/2026\/09\/89.jpg","amp_enabled":true,"_links":{"self":[{"href":"https:\/\/rnoticias.com.mx\/Portal\/wp-json\/wp\/v2\/posts\/269441","targetHints":{"allow":["GET"]}}],"collection":[{"href":"https:\/\/rnoticias.com.mx\/Portal\/wp-json\/wp\/v2\/posts"}],"about":[{"href":"https:\/\/rnoticias.com.mx\/Portal\/wp-json\/wp\/v2\/types\/post"}],"author":[{"embeddable":true,"href":"https:\/\/rnoticias.com.mx\/Portal\/wp-json\/wp\/v2\/users\/2"}],"replies":[{"embeddable":true,"href":"https:\/\/rnoticias.com.mx\/Portal\/wp-json\/wp\/v2\/comments?post=269441"}],"version-history":[{"count":2,"href":"https:\/\/rnoticias.com.mx\/Portal\/wp-json\/wp\/v2\/posts\/269441\/revisions"}],"predecessor-version":[{"id":269444,"href":"https:\/\/rnoticias.com.mx\/Portal\/wp-json\/wp\/v2\/posts\/269441\/revisions\/269444"}],"wp:featuredmedia":[{"embeddable":true,"href":"https:\/\/rnoticias.com.mx\/Portal\/wp-json\/wp\/v2\/media\/269442"}],"wp:attachment":[{"href":"https:\/\/rnoticias.com.mx\/Portal\/wp-json\/wp\/v2\/media?parent=269441"}],"wp:term":[{"taxonomy":"category","embeddable":true,"href":"https:\/\/rnoticias.com.mx\/Portal\/wp-json\/wp\/v2\/categories?post=269441"},{"taxonomy":"post_tag","embeddable":true,"href":"https:\/\/rnoticias.com.mx\/Portal\/wp-json\/wp\/v2\/tags?post=269441"}],"curies":[{"name":"wp","href":"https:\/\/api.w.org\/{rel}","templated":true}]}}