{"id":269425,"date":"2026-09-01T18:47:35","date_gmt":"2026-09-02T01:47:35","guid":{"rendered":"https:\/\/rnoticias.com.mx\/Portal\/?p=269425"},"modified":"2026-09-01T18:47:35","modified_gmt":"2026-09-02T01:47:35","slug":"gobierno-de-sonora-inicia-el-mes-patrio-con-honores-a-la-bandera-y-un-llamado-a-fortalecer-el-compromiso-con-mexico","status":"publish","type":"post","link":"https:\/\/rnoticias.com.mx\/Portal\/2026\/09\/01\/gobierno-de-sonora-inicia-el-mes-patrio-con-honores-a-la-bandera-y-un-llamado-a-fortalecer-el-compromiso-con-mexico\/","title":{"rendered":"Gobierno de Sonora inicia el mes patrio con honores a la Bandera y un llamado a fortalecer el compromiso con M\u00e9xico"},"content":{"rendered":"<p>Hermosillo, Sonora; 1 de septiembre de 2026.- Con un llamado a honrar la historia de M\u00e9xico no solo desde la memoria, sino tambi\u00e9n desde la responsabilidad de construir un mejor futuro, el Gobierno de Sonora dio inicio a las ceremonias c\u00edvicas del mes patrio, en el marco del 216 aniversario del inicio de la Independencia de M\u00e9xico.<\/p>\n<p>En este marco, el Gobierno de Sonora refrend\u00f3 su respaldo al proyecto de transformaci\u00f3n que encabeza la presidenta Claudia Sheinbaum Pardo, con la convicci\u00f3n de seguir avanzando hacia un M\u00e9xico con mayor justicia social, bienestar y oportunidades para todas y todos.<\/p>\n<p>Desde Sonora, esta responsabilidad se asume bajo el liderazgo del gobernador Alfonso Durazo Monta\u00f1o, con una visi\u00f3n de gobierno que coloca el bienestar de las familias sonorenses, las oportunidades y el desarrollo del estado como prioridades de la transformaci\u00f3n.<\/p>\n<p>El secretario de Gobierno, Adolfo Salazar Razo, presidi\u00f3 la ceremonia de Honores a la Bandera, en la que participaron representantes de los tres poderes del Estado, integrantes de las Fuerzas Armadas, maestras y maestros, alumnas y alumnos, as\u00ed como trabajadoras y trabajadores de distintas dependencias estatales. Durante el acto, elementos de las Fuerzas Armadas realizaron el izamiento de la Bandera Nacional.<\/p>\n<p>Destac\u00f3 que la Bandera representa la identidad de M\u00e9xico y la historia de las generaciones que tuvieron el valor de luchar por su libertad, ejercer su soberan\u00eda y transformar la realidad de su tiempo. Subray\u00f3 que, a 216 a\u00f1os del inicio de la Independencia, la construcci\u00f3n de la naci\u00f3n contin\u00faa y plantea a las nuevas generaciones la responsabilidad de defender la soberan\u00eda, fortalecer las instituciones y trabajar para que el desarrollo se traduzca en bienestar para la poblaci\u00f3n.<\/p>\n<p>\u201cLa historia nos entrega una patria, pero tambi\u00e9n la responsabilidad de seguir construy\u00e9ndola\u201d, afirm\u00f3.<\/p>\n<p>\u201cTransformar no significa olvidar de d\u00f3nde venimos; significa tomar la fuerza de nuestra historia para construir el futuro que queremos para Sonora\u201d, expres\u00f3.<\/p>\n<p>Finalmente, el secretario de Gobierno llam\u00f3 a mantener vivo el legado de quienes construyeron la naci\u00f3n y a renovar el compromiso con M\u00e9xico desde cada espacio de la vida p\u00fablica y social. \u201cEl acto termina. El compromiso contin\u00faa\u201d, enfatiz\u00f3, al se\u00f1alar que ese compromiso se expresa todos los d\u00edas en el servicio p\u00fablico, las aulas, las familias y las comunidades.<\/p>\n","protected":false},"excerpt":{"rendered":"<p>Hermosillo, Sonora; 1 de septiembre de 2026.- Con un llamado a honrar la historia de M\u00e9xico no solo desde la memoria, sino tambi\u00e9n desde la responsabilidad de construir un mejor futuro, el Gobierno de Sonora dio inicio a las ceremonias c\u00edvicas del mes patrio, en el marco del 216 aniversario del inicio de la Independencia [&hellip;]<\/p>\n","protected":false},"author":2,"featured_media":269426,"comment_status":"closed","ping_status":"closed","sticky":false,"template":"","format":"standard","meta":{"footnotes":""},"categories":[12870,178],"tags":[12865,12869],"class_list":["post-269425","post","type-post","status-publish","format-standard","has-post-thumbnail","hentry","category-destacadas","category-local","tag-destacadas","tag-local"],"jetpack_featured_media_url":"https:\/\/rnoticias.com.mx\/Portal\/wp-content\/uploads\/2026\/09\/unnamed.jpg","amp_enabled":true,"_links":{"self":[{"href":"https:\/\/rnoticias.com.mx\/Portal\/wp-json\/wp\/v2\/posts\/269425","targetHints":{"allow":["GET"]}}],"collection":[{"href":"https:\/\/rnoticias.com.mx\/Portal\/wp-json\/wp\/v2\/posts"}],"about":[{"href":"https:\/\/rnoticias.com.mx\/Portal\/wp-json\/wp\/v2\/types\/post"}],"author":[{"embeddable":true,"href":"https:\/\/rnoticias.com.mx\/Portal\/wp-json\/wp\/v2\/users\/2"}],"replies":[{"embeddable":true,"href":"https:\/\/rnoticias.com.mx\/Portal\/wp-json\/wp\/v2\/comments?post=269425"}],"version-history":[{"count":2,"href":"https:\/\/rnoticias.com.mx\/Portal\/wp-json\/wp\/v2\/posts\/269425\/revisions"}],"predecessor-version":[{"id":269428,"href":"https:\/\/rnoticias.com.mx\/Portal\/wp-json\/wp\/v2\/posts\/269425\/revisions\/269428"}],"wp:featuredmedia":[{"embeddable":true,"href":"https:\/\/rnoticias.com.mx\/Portal\/wp-json\/wp\/v2\/media\/269426"}],"wp:attachment":[{"href":"https:\/\/rnoticias.com.mx\/Portal\/wp-json\/wp\/v2\/media?parent=269425"}],"wp:term":[{"taxonomy":"category","embeddable":true,"href":"https:\/\/rnoticias.com.mx\/Portal\/wp-json\/wp\/v2\/categories?post=269425"},{"taxonomy":"post_tag","embeddable":true,"href":"https:\/\/rnoticias.com.mx\/Portal\/wp-json\/wp\/v2\/tags?post=269425"}],"curies":[{"name":"wp","href":"https:\/\/api.w.org\/{rel}","templated":true}]}}