{"id":269414,"date":"2026-09-01T18:41:10","date_gmt":"2026-09-02T01:41:10","guid":{"rendered":"https:\/\/rnoticias.com.mx\/Portal\/?p=269414"},"modified":"2026-09-01T18:41:10","modified_gmt":"2026-09-02T01:41:10","slug":"apagon-al-sureste-de-mexico-fue-por-actos-vandalicos-senala-la-cfe","status":"publish","type":"post","link":"https:\/\/rnoticias.com.mx\/Portal\/2026\/09\/01\/apagon-al-sureste-de-mexico-fue-por-actos-vandalicos-senala-la-cfe\/","title":{"rendered":"Apag\u00f3n al sureste de M\u00e9xico fue por &#8220;actos vand\u00e1licos&#8221;, se\u00f1ala la CFE"},"content":{"rendered":"<div>\n<p class=\"text-align-justify\">La Comisi\u00f3n Federal de Electricidad (CFE) asegur\u00f3 que &#8220;actos de vandalismo&#8221; fueron los que provocaron el apag\u00f3n registrado el pasado lunes en el sureste del pa\u00eds (Quintana Roo, Campeche, Yucat\u00e1n y Chiapas).<\/p>\n<p class=\"text-align-justify\">En un comunicado difundido en redes sociales, la dependencia se\u00f1al\u00f3 que llev\u00f3 a cabo labores para reparar las l\u00edneas afectadas. A las 3:00 de la ma\u00f1ana de este martesse restableci\u00f3 por completo el suministro el\u00e9ctrico, seg\u00fan la CFE.<\/p>\n<\/div>\n<div>\n<p class=\"text-align-justify\">&#8220;Tras las afectaciones en dos l\u00edneas de alta tensi\u00f3n por actos de vandalismo, se ha restablecido al 100% el suministro de energ\u00eda a usuarios afectados en los estados de Yucat\u00e1n, Quintana Roo, Campeche y Chiapas&#8221;, se\u00f1al\u00f3 la Comisi\u00f3n.<\/p>\n<p class=\"text-align-justify\">Respecto a los actos vand\u00e1licos, la CFE no aclar\u00f3 c\u00f3mo fueron, pero se\u00f1al\u00f3 que se mantiene en comunicaci\u00f3n con las autoridades locales para mantener informados a los ciudadanos.<\/p>\n<p class=\"text-align-justify\">&#8220;Personal de CFE se mantendr\u00e1 al pendiente por cualquier eventualidad que pudiera presentarse y agradece la comprensi\u00f3n de la ciudadan\u00eda&#8221;, agrega el desplegado.<\/p>\n<p class=\"text-align-justify\">El apag\u00f3n alcanz\u00f3 a los municipios de Chetumal, Canc\u00fan y\u00a0Oth\u00f3n P. Blanco en el estado de Quintana Roo, as\u00ed como\u00a0M\u00e9rida, Kanas\u00edn y\u00a0Hoct\u00fan, en Yucat\u00e1n.<\/p>\n<\/div>\n","protected":false},"excerpt":{"rendered":"<p>La Comisi\u00f3n Federal de Electricidad (CFE) asegur\u00f3 que &#8220;actos de vandalismo&#8221; fueron los que provocaron el apag\u00f3n registrado el pasado lunes en el sureste del pa\u00eds (Quintana Roo, Campeche, Yucat\u00e1n y Chiapas). En un comunicado difundido en redes sociales, la dependencia se\u00f1al\u00f3 que llev\u00f3 a cabo labores para reparar las l\u00edneas afectadas. A las 3:00 [&hellip;]<\/p>\n","protected":false},"author":2,"featured_media":269415,"comment_status":"closed","ping_status":"closed","sticky":false,"template":"","format":"standard","meta":{"footnotes":""},"categories":[12870,172],"tags":[12865,12874],"class_list":["post-269414","post","type-post","status-publish","format-standard","has-post-thumbnail","hentry","category-destacadas","category-nacional","tag-destacadas","tag-nacional"],"jetpack_featured_media_url":"https:\/\/rnoticias.com.mx\/Portal\/wp-content\/uploads\/2026\/09\/1788269906976-6vwtjo.webp","amp_enabled":true,"_links":{"self":[{"href":"https:\/\/rnoticias.com.mx\/Portal\/wp-json\/wp\/v2\/posts\/269414","targetHints":{"allow":["GET"]}}],"collection":[{"href":"https:\/\/rnoticias.com.mx\/Portal\/wp-json\/wp\/v2\/posts"}],"about":[{"href":"https:\/\/rnoticias.com.mx\/Portal\/wp-json\/wp\/v2\/types\/post"}],"author":[{"embeddable":true,"href":"https:\/\/rnoticias.com.mx\/Portal\/wp-json\/wp\/v2\/users\/2"}],"replies":[{"embeddable":true,"href":"https:\/\/rnoticias.com.mx\/Portal\/wp-json\/wp\/v2\/comments?post=269414"}],"version-history":[{"count":2,"href":"https:\/\/rnoticias.com.mx\/Portal\/wp-json\/wp\/v2\/posts\/269414\/revisions"}],"predecessor-version":[{"id":269417,"href":"https:\/\/rnoticias.com.mx\/Portal\/wp-json\/wp\/v2\/posts\/269414\/revisions\/269417"}],"wp:featuredmedia":[{"embeddable":true,"href":"https:\/\/rnoticias.com.mx\/Portal\/wp-json\/wp\/v2\/media\/269415"}],"wp:attachment":[{"href":"https:\/\/rnoticias.com.mx\/Portal\/wp-json\/wp\/v2\/media?parent=269414"}],"wp:term":[{"taxonomy":"category","embeddable":true,"href":"https:\/\/rnoticias.com.mx\/Portal\/wp-json\/wp\/v2\/categories?post=269414"},{"taxonomy":"post_tag","embeddable":true,"href":"https:\/\/rnoticias.com.mx\/Portal\/wp-json\/wp\/v2\/tags?post=269414"}],"curies":[{"name":"wp","href":"https:\/\/api.w.org\/{rel}","templated":true}]}}