{"id":269405,"date":"2026-09-01T18:35:52","date_gmt":"2026-09-02T01:35:52","guid":{"rendered":"https:\/\/rnoticias.com.mx\/Portal\/?p=269405"},"modified":"2026-09-01T18:35:52","modified_gmt":"2026-09-02T01:35:52","slug":"tormenta-tropical-edouard-gana-fuerza-en-el-golfo-de-mexico","status":"publish","type":"post","link":"https:\/\/rnoticias.com.mx\/Portal\/2026\/09\/01\/tormenta-tropical-edouard-gana-fuerza-en-el-golfo-de-mexico\/","title":{"rendered":"Tormenta tropical &#8216;Edouard&#8217; gana fuerza en el Golfo de M\u00e9xico"},"content":{"rendered":"<p><a href=\"https:\/\/www.informador.mx\/internacional\/tormenta-tropical-edouard-se-forma-en-el-golfo-de-mexico-esta-es-su-trayectoria-20260901-0019.html\" target=\"_blank\" rel=\"noopener\"><strong>La tormenta tropical &#8220;Edouard&#8221; toc\u00f3 tierra el martes por la tarde a lo largo de la frontera entre Texas y Luisiana despu\u00e9s de cobrar fuerza durante sus \u00faltimos momentos en el golfo de M\u00e9xico<\/strong><\/a>, trayendo consigo fuertes lluvias y la posibilidad de inundaciones a lo largo de la costa.<\/p>\n<p><mark><u>La tormenta toc\u00f3 tierra en la peque\u00f1a comunidad costera de Johnson Bayou, Luisiana, y se espera que se debilite r\u00e1pidamente<\/u><\/mark>. La tormenta ten\u00eda vientos m\u00e1ximos sostenidos de 95 km\/h. Mientras tanto, varias tormentas evolucionaban en el oc\u00e9ano Pac\u00edfico, incluida Lowell, que alcanz\u00f3 fuerza de hurac\u00e1n el martes por la ma\u00f1ana.<\/p>\n<p>El Centro Nacional de Huracanes de Estados Unidos (<strong>NHC<\/strong>, por sus siglas en ingl\u00e9s) vaticin\u00f3 que &#8220;<strong>Edouard<\/strong>&#8221; descargar\u00e1\u00a0<strong>de 8 a 15 cent\u00edmetros de lluvia\u00a0<\/strong>a lo largo de la costa hasta e<strong>l este-centro de Texas<\/strong>, pero algunas zonas podr\u00edan registrar hasta 23 cent\u00edmetros. El suroeste de\u00a0<strong>Luisiana\u00a0<\/strong>tendr\u00eda cantidades menores.<\/p>\n<p><i>&#8220;Esa lluvia podr\u00eda generar algunas inundaciones repentinas y crecidas de r\u00edos&#8221;,<\/i> dijo Brad Reinhart, un especialista en huracanes del NHC.<\/p>\n<p>El gobernador de Texas, Greg Abbott, declar\u00f3 que el principal problema ser\u00e1n las\u00a0<strong>inundaciones<\/strong>.<\/p>\n<p><i>&#8220;Esta es\u00a0<strong>nuestra primera gran tormenta de la temporada<\/strong>\u00a0y, les digo, Texas est\u00e1 preparado<\/i>&#8220;, declar\u00f3 Orlando Alanis, de la Divisi\u00f3n de Manejo de Emergencias de Texas, en una conferencia de prensa.<\/p>\n<p>Abbott indic\u00f3 que cuadrillas de operarios trabajaron el lunes para retirar la vegetaci\u00f3n seca que podr\u00eda prender por el impacto de un rayo y provocar incendios de r\u00e1pida propagaci\u00f3n.<\/p>\n<p><mark>En<strong>\u00a0Cameron, Luisiana<\/strong>, los vientos se hab\u00edan intensificado y la lluvia ca\u00eda de forma intermitente el martes por la ma\u00f1ana<\/mark>, relat\u00f3 Connor Salvador, propietario de un parque de casas rodantes cerca de la costa. &#8220;Nada demasiado fuerte todav\u00eda&#8221;, dijo.<\/p>\n<p>Indic\u00f3 que, aunque podr\u00eda haber &#8220;un poco&#8221; de\u00a0<strong>inundaciones\u00a0<\/strong>si reciben mucha lluvia, no estaba muy preocupado por &#8220;<strong>Edouard<\/strong>&#8220;.<\/p>\n<p><i>&#8220;Estamos bastante acostumbrados a todos estos tipos de tormentas que pasan por aqu\u00ed&#8221;,<\/i>\u00a0dijo.<\/p>\n<p>Los meteor\u00f3logos dijeron que se prev\u00e9 que el reci\u00e9n formado\u00a0<strong>hurac\u00e1n\u00a0<\/strong>&#8220;<strong>Lowell<\/strong>&#8220;, en el oc\u00e9ano Pac\u00edfico, permaneciera a varios cientos de kil\u00f3metros de Hawai durante al menos los pr\u00f3ximos varios d\u00edas, pero era probable que el oleaje del hurac\u00e1n afecte partes de las islas a partir del mi\u00e9rcoles.<\/p>\n<p><i>&#8220;Es probable que este hurac\u00e1n aumente el oleaje y genere condiciones peligrosas en las playas y condiciones mar\u00edtimas para cualquier navegante cerca de las islas hawaianas durante los pr\u00f3ximos d\u00edas&#8221;<\/i>, se\u00f1al\u00f3 Andrew Hagan, un meteor\u00f3logo del\u00a0<strong>NHC<\/strong>.<\/p>\n","protected":false},"excerpt":{"rendered":"<p>La tormenta tropical &#8220;Edouard&#8221; toc\u00f3 tierra el martes por la tarde a lo largo de la frontera entre Texas y Luisiana despu\u00e9s de cobrar fuerza durante sus \u00faltimos momentos en el golfo de M\u00e9xico, trayendo consigo fuertes lluvias y la posibilidad de inundaciones a lo largo de la costa. La tormenta toc\u00f3 tierra en la [&hellip;]<\/p>\n","protected":false},"author":2,"featured_media":269406,"comment_status":"closed","ping_status":"closed","sticky":false,"template":"","format":"standard","meta":{"footnotes":""},"categories":[12870,182],"tags":[12865,12871],"class_list":["post-269405","post","type-post","status-publish","format-standard","has-post-thumbnail","hentry","category-destacadas","category-internacional","tag-destacadas","tag-internacional"],"jetpack_featured_media_url":"https:\/\/rnoticias.com.mx\/Portal\/wp-content\/uploads\/2026\/09\/RWKIC5PSIFD2TPYNWBLNREAP4Y.jpg","amp_enabled":true,"_links":{"self":[{"href":"https:\/\/rnoticias.com.mx\/Portal\/wp-json\/wp\/v2\/posts\/269405","targetHints":{"allow":["GET"]}}],"collection":[{"href":"https:\/\/rnoticias.com.mx\/Portal\/wp-json\/wp\/v2\/posts"}],"about":[{"href":"https:\/\/rnoticias.com.mx\/Portal\/wp-json\/wp\/v2\/types\/post"}],"author":[{"embeddable":true,"href":"https:\/\/rnoticias.com.mx\/Portal\/wp-json\/wp\/v2\/users\/2"}],"replies":[{"embeddable":true,"href":"https:\/\/rnoticias.com.mx\/Portal\/wp-json\/wp\/v2\/comments?post=269405"}],"version-history":[{"count":1,"href":"https:\/\/rnoticias.com.mx\/Portal\/wp-json\/wp\/v2\/posts\/269405\/revisions"}],"predecessor-version":[{"id":269407,"href":"https:\/\/rnoticias.com.mx\/Portal\/wp-json\/wp\/v2\/posts\/269405\/revisions\/269407"}],"wp:featuredmedia":[{"embeddable":true,"href":"https:\/\/rnoticias.com.mx\/Portal\/wp-json\/wp\/v2\/media\/269406"}],"wp:attachment":[{"href":"https:\/\/rnoticias.com.mx\/Portal\/wp-json\/wp\/v2\/media?parent=269405"}],"wp:term":[{"taxonomy":"category","embeddable":true,"href":"https:\/\/rnoticias.com.mx\/Portal\/wp-json\/wp\/v2\/categories?post=269405"},{"taxonomy":"post_tag","embeddable":true,"href":"https:\/\/rnoticias.com.mx\/Portal\/wp-json\/wp\/v2\/tags?post=269405"}],"curies":[{"name":"wp","href":"https:\/\/api.w.org\/{rel}","templated":true}]}}