{"id":269378,"date":"2026-09-01T18:14:26","date_gmt":"2026-09-02T01:14:26","guid":{"rendered":"https:\/\/rnoticias.com.mx\/Portal\/?p=269378"},"modified":"2026-09-01T18:14:26","modified_gmt":"2026-09-02T01:14:26","slug":"lira-se-queda-en-cruz-azul-el-fichaje-del-monaco-se-cae-de-ultimo-momento","status":"publish","type":"post","link":"https:\/\/rnoticias.com.mx\/Portal\/2026\/09\/01\/lira-se-queda-en-cruz-azul-el-fichaje-del-monaco-se-cae-de-ultimo-momento\/","title":{"rendered":"\u00a1Lira se queda en Cruz Azul! El fichaje del M\u00f3naco se cae de \u00faltimo momento"},"content":{"rendered":"<div>\n<p>Todo estaba listo para la primera intervenci\u00f3n de Erik Lira en el f\u00fatbol europeo, sin embargo, el fichaje se ha ca\u00eddo de \u00faltimo momento y es que ante el cierre del mercado de fichajes en Francia, el M\u00f3naco no pudo liberar una plaza de extranjero, por lo que el fichaje no pudo ser posible ya que no lo pueden registrar.<\/p>\n<p>Aunque el acuerdo ya estaba cerrado e incluso Lira se hab\u00eda despedido de sus compa\u00f1eros, el fichaje estaba condicionado con la liberaci\u00f3n de una plaza de extranjero, de hecho, Balogun era el que apuntaba a salir de la plantilla y ese lugar era el que se ten\u00eda planeado para el mexicano.<\/p>\n<\/div>\n<div>\n<p>Lira ya hab\u00eda superado los ex\u00e1menes m\u00e9dicos, pero el poco tiempo que el M\u00f3naco tuvo para solucionar la situaci\u00f3n termin\u00f3 por jugarle en contra y de esta manera, Lira regresar\u00e1 al Cruz Azul donde apunta a quedarse durante el resto de la temporada.<\/p>\n<p>A\u00fan as\u00ed debido a su gran nivel y los reflectores que atrajo con su buen rendimiento en el Mundial, Lira podr\u00eda seguir buscando otro equipo en Europa, pues el mismo ha mencionado su deseo de jugar en dicho continente, aunque de momento, ese momento deber\u00e1 de esperar.<\/p>\n<p>El pr\u00f3ximo compromiso del Cruz Azul se realizar\u00e1 este domingo en el Estadio Banorte, en punto de las 20:00 hrs los actuales monarcas del f\u00fatbol mexicano se medir\u00e1n al Santos. Se desconoce si Lira tendr\u00e1 actividad de inmediato.<\/p>\n<\/div>\n","protected":false},"excerpt":{"rendered":"<p>Todo estaba listo para la primera intervenci\u00f3n de Erik Lira en el f\u00fatbol europeo, sin embargo, el fichaje se ha ca\u00eddo de \u00faltimo momento y es que ante el cierre del mercado de fichajes en Francia, el M\u00f3naco no pudo liberar una plaza de extranjero, por lo que el fichaje no pudo ser posible ya [&hellip;]<\/p>\n","protected":false},"author":2,"featured_media":269379,"comment_status":"closed","ping_status":"closed","sticky":false,"template":"","format":"standard","meta":{"footnotes":""},"categories":[188,12870],"tags":[5231,12865],"class_list":["post-269378","post","type-post","status-publish","format-standard","has-post-thumbnail","hentry","category-deportes","category-destacadas","tag-deportes","tag-destacadas"],"jetpack_featured_media_url":"https:\/\/rnoticias.com.mx\/Portal\/wp-content\/uploads\/2026\/09\/fichaje-erik-lira-monaco-cae.webp","amp_enabled":true,"_links":{"self":[{"href":"https:\/\/rnoticias.com.mx\/Portal\/wp-json\/wp\/v2\/posts\/269378","targetHints":{"allow":["GET"]}}],"collection":[{"href":"https:\/\/rnoticias.com.mx\/Portal\/wp-json\/wp\/v2\/posts"}],"about":[{"href":"https:\/\/rnoticias.com.mx\/Portal\/wp-json\/wp\/v2\/types\/post"}],"author":[{"embeddable":true,"href":"https:\/\/rnoticias.com.mx\/Portal\/wp-json\/wp\/v2\/users\/2"}],"replies":[{"embeddable":true,"href":"https:\/\/rnoticias.com.mx\/Portal\/wp-json\/wp\/v2\/comments?post=269378"}],"version-history":[{"count":1,"href":"https:\/\/rnoticias.com.mx\/Portal\/wp-json\/wp\/v2\/posts\/269378\/revisions"}],"predecessor-version":[{"id":269380,"href":"https:\/\/rnoticias.com.mx\/Portal\/wp-json\/wp\/v2\/posts\/269378\/revisions\/269380"}],"wp:featuredmedia":[{"embeddable":true,"href":"https:\/\/rnoticias.com.mx\/Portal\/wp-json\/wp\/v2\/media\/269379"}],"wp:attachment":[{"href":"https:\/\/rnoticias.com.mx\/Portal\/wp-json\/wp\/v2\/media?parent=269378"}],"wp:term":[{"taxonomy":"category","embeddable":true,"href":"https:\/\/rnoticias.com.mx\/Portal\/wp-json\/wp\/v2\/categories?post=269378"},{"taxonomy":"post_tag","embeddable":true,"href":"https:\/\/rnoticias.com.mx\/Portal\/wp-json\/wp\/v2\/tags?post=269378"}],"curies":[{"name":"wp","href":"https:\/\/api.w.org\/{rel}","templated":true}]}}