{"id":269349,"date":"2026-09-01T15:40:08","date_gmt":"2026-09-01T22:40:08","guid":{"rendered":"https:\/\/rnoticias.com.mx\/Portal\/?p=269349"},"modified":"2026-09-01T15:40:08","modified_gmt":"2026-09-01T22:40:08","slug":"rechaza-ine-propuesta-de-emblema-de-somos","status":"publish","type":"post","link":"https:\/\/rnoticias.com.mx\/Portal\/2026\/09\/01\/rechaza-ine-propuesta-de-emblema-de-somos\/","title":{"rendered":"Rechaza INE propuesta de emblema de SOMOS"},"content":{"rendered":"<p class=\"x_MsoNormal\"><span data-olk-copy-source=\"MessageBody\">El Consejo General del Instituto Nacional Electoral (INE) consider\u00f3 cumplida la modificaci\u00f3n de la denominaci\u00f3n del partido pol\u00edtico SOMOS y rechaz\u00f3 la propuesta de emblema presentada, en virtud de que no se elimina el problema de identidad previamente se\u00f1alado por la Sala Superior del Tribunal Electoral del Poder Judicial de la Federaci\u00f3n (TEPJF).<\/span><\/p>\n<p class=\"x_MsoNormal\">\n<p class=\"x_MsoNormal\">Por ello, requiri\u00f3 al partido para que, en ejercicio de su libertad de autoorganizaci\u00f3n y en un plazo m\u00e1ximo de 48 horas, presente una nueva propuesta que atienda los par\u00e1metros fijados por el TEPJF.<\/p>\n<p class=\"x_MsoNormal\">\n<p class=\"x_MsoNormal\">De acuerdo con el procedimiento estatutario del partido corresponde a su Asamblea Nacional expedir y reformar los documentos b\u00e1sicos, y excepcionalmente a la Secretar\u00eda General para atender observaciones del INE, realizar las adecuaciones y remitir las constancias en el plazo establecido.<\/p>\n<p class=\"x_MsoNormal\">\n<p class=\"x_MsoNormal\">En el contexto de la sesi\u00f3n extraordinaria del m\u00e1ximo \u00f3rgano de gobierno del Instituto se advirti\u00f3 que la sustituci\u00f3n de la denominaci\u00f3n \u201cMX\u201d por el mapa de la Rep\u00fablica Mexicana, acompa\u00f1ado del verbo \u201cSomos\u201d, constitu\u00eda un s\u00edmbolo inequ\u00edvoco de identidad nacional y, en combinaci\u00f3n con la denominaci\u00f3n, transmit\u00eda la idea de representaci\u00f3n del pa\u00eds en su conjunto.<\/p>\n<p class=\"x_MsoNormal\">\n<p class=\"x_MsoNormal\">Asimismo, se subray\u00f3 que aprobar el emblema en sus t\u00e9rminos contravendr\u00eda la jurisprudencia del TEPJF, que establece que denominaci\u00f3n, emblema y colores deben diferenciar a cada partido pol\u00edtico de las instituciones nacionales.<\/p>\n<p class=\"x_MsoNormal\">\n<p class=\"x_MsoNormal\">En tal sentido se enfatiz\u00f3 que la identidad gr\u00e1fica no puede ser neutra si denota pertenencia nacional, pues ello generar\u00eda una ventaja indebida frente a otras fuerzas pol\u00edticas y vulnerar\u00eda lo mandatado por la Sala Superior respecto de la funci\u00f3n meramente distintiva de los signos partidistas.<\/p>\n<p class=\"x_MsoNormal\">\n<p class=\"x_MsoNormal\">Con ello, el Consejo General estar\u00eda en condiciones de garantizar que el emblema partidista cumpla su funci\u00f3n de diferenciaci\u00f3n institucional, evitando la apropiaci\u00f3n simb\u00f3lica de la identidad nacional.<\/p>\n<p class=\"x_MsoNormal\"><b><span lang=\"PT\">\u00a0<\/span><\/b><\/p>\n","protected":false},"excerpt":{"rendered":"<p>El Consejo General del Instituto Nacional Electoral (INE) consider\u00f3 cumplida la modificaci\u00f3n de la denominaci\u00f3n del partido pol\u00edtico SOMOS y rechaz\u00f3 la propuesta de emblema presentada, en virtud de que no se elimina el problema de identidad previamente se\u00f1alado por la Sala Superior del Tribunal Electoral del Poder Judicial de la Federaci\u00f3n (TEPJF). Por ello, [&hellip;]<\/p>\n","protected":false},"author":2,"featured_media":269350,"comment_status":"closed","ping_status":"closed","sticky":false,"template":"","format":"standard","meta":{"footnotes":""},"categories":[12870,12868],"tags":[12865,12879],"class_list":["post-269349","post","type-post","status-publish","format-standard","has-post-thumbnail","hentry","category-destacadas","category-politica","tag-destacadas","tag-politica"],"jetpack_featured_media_url":"https:\/\/rnoticias.com.mx\/Portal\/wp-content\/uploads\/2026\/09\/ineww.jpeg","amp_enabled":true,"_links":{"self":[{"href":"https:\/\/rnoticias.com.mx\/Portal\/wp-json\/wp\/v2\/posts\/269349","targetHints":{"allow":["GET"]}}],"collection":[{"href":"https:\/\/rnoticias.com.mx\/Portal\/wp-json\/wp\/v2\/posts"}],"about":[{"href":"https:\/\/rnoticias.com.mx\/Portal\/wp-json\/wp\/v2\/types\/post"}],"author":[{"embeddable":true,"href":"https:\/\/rnoticias.com.mx\/Portal\/wp-json\/wp\/v2\/users\/2"}],"replies":[{"embeddable":true,"href":"https:\/\/rnoticias.com.mx\/Portal\/wp-json\/wp\/v2\/comments?post=269349"}],"version-history":[{"count":1,"href":"https:\/\/rnoticias.com.mx\/Portal\/wp-json\/wp\/v2\/posts\/269349\/revisions"}],"predecessor-version":[{"id":269351,"href":"https:\/\/rnoticias.com.mx\/Portal\/wp-json\/wp\/v2\/posts\/269349\/revisions\/269351"}],"wp:featuredmedia":[{"embeddable":true,"href":"https:\/\/rnoticias.com.mx\/Portal\/wp-json\/wp\/v2\/media\/269350"}],"wp:attachment":[{"href":"https:\/\/rnoticias.com.mx\/Portal\/wp-json\/wp\/v2\/media?parent=269349"}],"wp:term":[{"taxonomy":"category","embeddable":true,"href":"https:\/\/rnoticias.com.mx\/Portal\/wp-json\/wp\/v2\/categories?post=269349"},{"taxonomy":"post_tag","embeddable":true,"href":"https:\/\/rnoticias.com.mx\/Portal\/wp-json\/wp\/v2\/tags?post=269349"}],"curies":[{"name":"wp","href":"https:\/\/api.w.org\/{rel}","templated":true}]}}