{"id":269346,"date":"2026-09-01T15:39:22","date_gmt":"2026-09-01T22:39:22","guid":{"rendered":"https:\/\/rnoticias.com.mx\/Portal\/?p=269346"},"modified":"2026-09-01T15:39:22","modified_gmt":"2026-09-01T22:39:22","slug":"firman-tec-de-monterrey-y-procuraduria-ambiental-del-estado-de-sonora-convenio-de-colaboracion","status":"publish","type":"post","link":"https:\/\/rnoticias.com.mx\/Portal\/2026\/09\/01\/firman-tec-de-monterrey-y-procuraduria-ambiental-del-estado-de-sonora-convenio-de-colaboracion\/","title":{"rendered":"Firman Tec de Monterrey y Procuradur\u00eda Ambiental del Estado de Sonora convenio de colaboraci\u00f3n"},"content":{"rendered":"<p style=\"font-weight: 400;\"><strong><b>Hermosillo, Sonora a 1 de septiembre 2026.-<\/b><\/strong>\u00a0A fin de fortalecer la educaci\u00f3n ambiental en el estado, el Tecnol\u00f3gico de Monterrey campus Sonora Norte y la Procuradur\u00eda Ambiental del Estado de Sonora (PROAES) firmaron un convenio de colaboraci\u00f3n con el que trabajar\u00e1n en conjunto para desarrollar acciones conjuntas orientadas a la protecci\u00f3n y preservaci\u00f3n del medio ambiente.<\/p>\n<p>&nbsp;<\/p>\n<p style=\"font-weight: 400;\">La firma de convenio fue encabezada por la Mtra. Luc\u00eda Canseco, directora general del campus Sonora Norte del Tecnol\u00f3gico de Monterrey;\u00a0Dra. Perla Alday, procuradora de la PROAES; Mtra. Anayansi Garc\u00eda, l\u00edder de Centro de Vinculaci\u00f3n y Desarrollo Profesional (CVDP) y Arq. Silvia Corrales, directora de Administraci\u00f3n y Finanzas.<\/p>\n<p>&nbsp;<\/p>\n<p style=\"font-weight: 400;\">Canseco se\u00f1al\u00f3 que\u00a0\u201cestamos muy emocionados de poder colaborar con la procuradur\u00eda en pro del medio ambiente a trav\u00e9s del talento y los esfuerzos de nuestra comunidad estudiantil y docente. Estoy segura de que trabajando juntos podemos lograr grandes cosas\u201d.<\/p>\n<p>&nbsp;<\/p>\n<p style=\"font-weight: 400;\">Durante la firma,\u00a0Alday destac\u00f3 el enfoque de la PROFAES en inspecciones a centros comerciales e industrias, y su migraci\u00f3n hacia la difusi\u00f3n a trav\u00e9s del arte con exposiciones fotogr\u00e1ficas y la producci\u00f3n de cortometrajes.<\/p>\n<p>&nbsp;<\/p>\n<p style=\"font-weight: 400;\">\u201cNos da alegr\u00eda poder materializar varios de estos proyectos de la mano con el Tec Sonora Norte, y creo que vamos a poder tener muy buena sinergia\u201d, opin\u00f3 la procuradora.<\/p>\n","protected":false},"excerpt":{"rendered":"<p>Hermosillo, Sonora a 1 de septiembre 2026.-\u00a0A fin de fortalecer la educaci\u00f3n ambiental en el estado, el Tecnol\u00f3gico de Monterrey campus Sonora Norte y la Procuradur\u00eda Ambiental del Estado de Sonora (PROAES) firmaron un convenio de colaboraci\u00f3n con el que trabajar\u00e1n en conjunto para desarrollar acciones conjuntas orientadas a la protecci\u00f3n y preservaci\u00f3n del medio [&hellip;]<\/p>\n","protected":false},"author":2,"featured_media":269347,"comment_status":"closed","ping_status":"closed","sticky":false,"template":"","format":"standard","meta":{"footnotes":""},"categories":[12870,178],"tags":[12865,12869],"class_list":["post-269346","post","type-post","status-publish","format-standard","has-post-thumbnail","hentry","category-destacadas","category-local","tag-destacadas","tag-local"],"jetpack_featured_media_url":"https:\/\/rnoticias.com.mx\/Portal\/wp-content\/uploads\/2026\/09\/Firma-PROAES-TEC-1-1.jpeg","amp_enabled":true,"_links":{"self":[{"href":"https:\/\/rnoticias.com.mx\/Portal\/wp-json\/wp\/v2\/posts\/269346","targetHints":{"allow":["GET"]}}],"collection":[{"href":"https:\/\/rnoticias.com.mx\/Portal\/wp-json\/wp\/v2\/posts"}],"about":[{"href":"https:\/\/rnoticias.com.mx\/Portal\/wp-json\/wp\/v2\/types\/post"}],"author":[{"embeddable":true,"href":"https:\/\/rnoticias.com.mx\/Portal\/wp-json\/wp\/v2\/users\/2"}],"replies":[{"embeddable":true,"href":"https:\/\/rnoticias.com.mx\/Portal\/wp-json\/wp\/v2\/comments?post=269346"}],"version-history":[{"count":1,"href":"https:\/\/rnoticias.com.mx\/Portal\/wp-json\/wp\/v2\/posts\/269346\/revisions"}],"predecessor-version":[{"id":269348,"href":"https:\/\/rnoticias.com.mx\/Portal\/wp-json\/wp\/v2\/posts\/269346\/revisions\/269348"}],"wp:featuredmedia":[{"embeddable":true,"href":"https:\/\/rnoticias.com.mx\/Portal\/wp-json\/wp\/v2\/media\/269347"}],"wp:attachment":[{"href":"https:\/\/rnoticias.com.mx\/Portal\/wp-json\/wp\/v2\/media?parent=269346"}],"wp:term":[{"taxonomy":"category","embeddable":true,"href":"https:\/\/rnoticias.com.mx\/Portal\/wp-json\/wp\/v2\/categories?post=269346"},{"taxonomy":"post_tag","embeddable":true,"href":"https:\/\/rnoticias.com.mx\/Portal\/wp-json\/wp\/v2\/tags?post=269346"}],"curies":[{"name":"wp","href":"https:\/\/api.w.org\/{rel}","templated":true}]}}