{"id":269327,"date":"2026-09-01T15:11:10","date_gmt":"2026-09-01T22:11:10","guid":{"rendered":"https:\/\/rnoticias.com.mx\/Portal\/?p=269327"},"modified":"2026-09-01T15:11:10","modified_gmt":"2026-09-01T22:11:10","slug":"saca-sat-sus-oficinas-moviles-a-nogales-y-empalme-durante-toda-esta-semana","status":"publish","type":"post","link":"https:\/\/rnoticias.com.mx\/Portal\/2026\/09\/01\/saca-sat-sus-oficinas-moviles-a-nogales-y-empalme-durante-toda-esta-semana\/","title":{"rendered":"Saca SAT sus Oficinas M\u00f3viles a Nogales y Empalme durante toda esta semana"},"content":{"rendered":"<p>Hermosillo, Sonora. El Servicio de Administraci\u00f3n Tributaria (SAT) acercar\u00e1 durante los primeros d\u00edas de septiembre sus servicios a habitantes de Nogales y Empalme, como parte del programa Oficina M\u00f3vil, mediante el cual busca facilitar el cumplimiento de obligaciones fiscales sin que los contribuyentes tengan que trasladarse a otras ciudades.<\/p>\n<p>&nbsp;<\/p>\n<p>La jornada inici\u00f3 este pasado lunes 31 de agosto en Nogales, donde el m\u00f3dulo se instal\u00f3 en la Universidad Tecnol\u00f3gica de Nogales, ubicada en avenida Universidad n\u00famero 271, en la colonia Universitaria. Posteriormente, la atenci\u00f3n se trasladar\u00e1 a Empalme los d\u00edas 1 y 2 de septiembre, en calle Ni\u00f1os H\u00e9roes, esquina con avenida Revoluci\u00f3n, en la colonia Moderna.<\/p>\n<p>&nbsp;<\/p>\n<p>El m\u00f3dulo en Empalme operar\u00e1 de 09:00 a 14:00 horas, mientras que el horario general de las Oficinas M\u00f3viles es de lunes a jueves de 09:00 a 17:00 horas y viernes de 09:00 a 15:00 horas.<\/p>\n<p>&nbsp;<\/p>\n<p>Entre los servicios disponibles se encuentran la inscripci\u00f3n al Registro Federal de Contribuyentes (RFC), generaci\u00f3n y renovaci\u00f3n de la e.firma, expedici\u00f3n de la Constancia de Situaci\u00f3n Fiscal y orientaci\u00f3n fiscal, sin necesidad de cita previa.<\/p>\n<p>&nbsp;<\/p>\n<p>De acuerdo con el SAT, durante la semana del 31 de agosto al 4 de septiembre las Oficinas M\u00f3viles tendr\u00e1n presencia en 23 municipios de 12 estados, donde se prev\u00e9 realizar alrededor de 9 mil 300 tr\u00e1mites y atender a unas 4 mil 500 personas.<\/p>\n<p>&nbsp;<\/p>\n","protected":false},"excerpt":{"rendered":"<p>Hermosillo, Sonora. El Servicio de Administraci\u00f3n Tributaria (SAT) acercar\u00e1 durante los primeros d\u00edas de septiembre sus servicios a habitantes de Nogales y Empalme, como parte del programa Oficina M\u00f3vil, mediante el cual busca facilitar el cumplimiento de obligaciones fiscales sin que los contribuyentes tengan que trasladarse a otras ciudades. &nbsp; La jornada inici\u00f3 este pasado [&hellip;]<\/p>\n","protected":false},"author":2,"featured_media":269328,"comment_status":"closed","ping_status":"closed","sticky":false,"template":"","format":"standard","meta":{"footnotes":""},"categories":[12870,174],"tags":[12865,12873],"class_list":["post-269327","post","type-post","status-publish","format-standard","has-post-thumbnail","hentry","category-destacadas","category-estatal","tag-destacadas","tag-estatal"],"jetpack_featured_media_url":"https:\/\/rnoticias.com.mx\/Portal\/wp-content\/uploads\/2026\/09\/sat.jpg","amp_enabled":true,"_links":{"self":[{"href":"https:\/\/rnoticias.com.mx\/Portal\/wp-json\/wp\/v2\/posts\/269327","targetHints":{"allow":["GET"]}}],"collection":[{"href":"https:\/\/rnoticias.com.mx\/Portal\/wp-json\/wp\/v2\/posts"}],"about":[{"href":"https:\/\/rnoticias.com.mx\/Portal\/wp-json\/wp\/v2\/types\/post"}],"author":[{"embeddable":true,"href":"https:\/\/rnoticias.com.mx\/Portal\/wp-json\/wp\/v2\/users\/2"}],"replies":[{"embeddable":true,"href":"https:\/\/rnoticias.com.mx\/Portal\/wp-json\/wp\/v2\/comments?post=269327"}],"version-history":[{"count":2,"href":"https:\/\/rnoticias.com.mx\/Portal\/wp-json\/wp\/v2\/posts\/269327\/revisions"}],"predecessor-version":[{"id":269330,"href":"https:\/\/rnoticias.com.mx\/Portal\/wp-json\/wp\/v2\/posts\/269327\/revisions\/269330"}],"wp:featuredmedia":[{"embeddable":true,"href":"https:\/\/rnoticias.com.mx\/Portal\/wp-json\/wp\/v2\/media\/269328"}],"wp:attachment":[{"href":"https:\/\/rnoticias.com.mx\/Portal\/wp-json\/wp\/v2\/media?parent=269327"}],"wp:term":[{"taxonomy":"category","embeddable":true,"href":"https:\/\/rnoticias.com.mx\/Portal\/wp-json\/wp\/v2\/categories?post=269327"},{"taxonomy":"post_tag","embeddable":true,"href":"https:\/\/rnoticias.com.mx\/Portal\/wp-json\/wp\/v2\/tags?post=269327"}],"curies":[{"name":"wp","href":"https:\/\/api.w.org\/{rel}","templated":true}]}}