{"id":269305,"date":"2026-08-31T19:42:58","date_gmt":"2026-09-01T02:42:58","guid":{"rendered":"https:\/\/rnoticias.com.mx\/Portal\/?p=269305"},"modified":"2026-08-31T19:42:58","modified_gmt":"2026-09-01T02:42:58","slug":"gobierno-de-sonora-impulsa-oportunidades-laborales-para-el-sector-de-la-construccion","status":"publish","type":"post","link":"https:\/\/rnoticias.com.mx\/Portal\/2026\/08\/31\/gobierno-de-sonora-impulsa-oportunidades-laborales-para-el-sector-de-la-construccion\/","title":{"rendered":"Gobierno de Sonora impulsa oportunidades laborales para el sector de la construcci\u00f3n"},"content":{"rendered":"<p>Hermosillo, Sonora; 31 de agosto de 2026.- El Gobierno de Sonora, a trav\u00e9s de la Secretar\u00eda del Trabajo y el Servicio Nacional de Empleo (SNE), en coordinaci\u00f3n con el Instituto del Fondo Nacional de la Vivienda para los Trabajadores (Infonavit), pone a disposici\u00f3n de las y los sonorenses la jornada de vinculaci\u00f3n laboral en el marco del Programa de Vivienda para el Bienestar, con el prop\u00f3sito de acercar oportunidades de empleo a personas con experiencia en el sector de la construcci\u00f3n.<\/p>\n<p>En el marco del Programa Nacional de Capacitaci\u00f3n para Trabajadores de la Construcci\u00f3n, se ofertar\u00e1 el puesto de moldero, por lo que la convocatoria est\u00e1 dirigida principalmente a personas con experiencia como carpintero de obra negra o fierrero que radiquen en la capital sonorense.<\/p>\n<p>Estas jornadas de vinculaci\u00f3n se llevar\u00e1n a cabo los d\u00edas martes 1 y jueves 3 de septiembre de 2026, en un horario de 8:00 a 14:00 horas, en las oficinas del Servicio Nacional de Empleo Hermosillo, ubicadas en calle Comonfort, entre Paseo R\u00edo Sonora y avenida Cultura, en el Centro de Gobierno.<\/p>\n<p>Asimismo, las personas interesadas en postularse deber\u00e1n presentar los siguientes requisitos: n\u00famero telef\u00f3nico, correo electr\u00f3nico, CURP, identificaci\u00f3n oficial y comprobante de domicilio reciente. El n\u00famero de Seguridad Social ser\u00e1 opcional.<\/p>\n<p>El Gobierno de Sonora refrenda su compromiso de acercar oportunidades de trabajo y fortalecer la vinculaci\u00f3n entre las personas buscadoras de empleo y las empresas, contribuyendo al desarrollo econ\u00f3mico y al bienestar de las familias.<\/p>\n","protected":false},"excerpt":{"rendered":"<p>Hermosillo, Sonora; 31 de agosto de 2026.- El Gobierno de Sonora, a trav\u00e9s de la Secretar\u00eda del Trabajo y el Servicio Nacional de Empleo (SNE), en coordinaci\u00f3n con el Instituto del Fondo Nacional de la Vivienda para los Trabajadores (Infonavit), pone a disposici\u00f3n de las y los sonorenses la jornada de vinculaci\u00f3n laboral en el [&hellip;]<\/p>\n","protected":false},"author":2,"featured_media":269306,"comment_status":"closed","ping_status":"closed","sticky":false,"template":"","format":"standard","meta":{"footnotes":""},"categories":[178],"tags":[12869],"class_list":["post-269305","post","type-post","status-publish","format-standard","has-post-thumbnail","hentry","category-local","tag-local"],"jetpack_featured_media_url":"https:\/\/rnoticias.com.mx\/Portal\/wp-content\/uploads\/2026\/08\/unnamed-1-28.jpg","amp_enabled":true,"_links":{"self":[{"href":"https:\/\/rnoticias.com.mx\/Portal\/wp-json\/wp\/v2\/posts\/269305","targetHints":{"allow":["GET"]}}],"collection":[{"href":"https:\/\/rnoticias.com.mx\/Portal\/wp-json\/wp\/v2\/posts"}],"about":[{"href":"https:\/\/rnoticias.com.mx\/Portal\/wp-json\/wp\/v2\/types\/post"}],"author":[{"embeddable":true,"href":"https:\/\/rnoticias.com.mx\/Portal\/wp-json\/wp\/v2\/users\/2"}],"replies":[{"embeddable":true,"href":"https:\/\/rnoticias.com.mx\/Portal\/wp-json\/wp\/v2\/comments?post=269305"}],"version-history":[{"count":1,"href":"https:\/\/rnoticias.com.mx\/Portal\/wp-json\/wp\/v2\/posts\/269305\/revisions"}],"predecessor-version":[{"id":269307,"href":"https:\/\/rnoticias.com.mx\/Portal\/wp-json\/wp\/v2\/posts\/269305\/revisions\/269307"}],"wp:featuredmedia":[{"embeddable":true,"href":"https:\/\/rnoticias.com.mx\/Portal\/wp-json\/wp\/v2\/media\/269306"}],"wp:attachment":[{"href":"https:\/\/rnoticias.com.mx\/Portal\/wp-json\/wp\/v2\/media?parent=269305"}],"wp:term":[{"taxonomy":"category","embeddable":true,"href":"https:\/\/rnoticias.com.mx\/Portal\/wp-json\/wp\/v2\/categories?post=269305"},{"taxonomy":"post_tag","embeddable":true,"href":"https:\/\/rnoticias.com.mx\/Portal\/wp-json\/wp\/v2\/tags?post=269305"}],"curies":[{"name":"wp","href":"https:\/\/api.w.org\/{rel}","templated":true}]}}