{"id":269302,"date":"2026-08-31T19:42:06","date_gmt":"2026-09-01T02:42:06","guid":{"rendered":"https:\/\/rnoticias.com.mx\/Portal\/?p=269302"},"modified":"2026-08-31T19:42:06","modified_gmt":"2026-09-01T02:42:06","slug":"inicia-gobierno-de-sonora-campana-septiembre-mes-del-testamento","status":"publish","type":"post","link":"https:\/\/rnoticias.com.mx\/Portal\/2026\/08\/31\/inicia-gobierno-de-sonora-campana-septiembre-mes-del-testamento\/","title":{"rendered":"Inicia Gobierno de Sonora campa\u00f1a \u201cSeptiembre, Mes del Testamento\u201d"},"content":{"rendered":"<p>Hermosillo, Sonora; 31 de agosto de 2026.- Mediante la firma de un convenio entre la Direcci\u00f3n General de Notar\u00edas y el Colegio de Notarios del Estado de Sonora, en coordinaci\u00f3n con la Secretar\u00eda de Hacienda, arranc\u00f3 la campa\u00f1a &#8220;Septiembre, Mes del Testamento&#8221;, impulsada por el gobernador Alfonso Durazo Monta\u00f1o con el objetivo de facilitar a la ciudadan\u00eda el acceso a este tr\u00e1mite que representa seguridad jur\u00eddica y patrimonial para las familias y sus seres queridos.<\/p>\n<p>Durante la presentaci\u00f3n y arranque del programa, la directora general de Notar\u00edas Liza Auy\u00f3n Dom\u00ednguez, destac\u00f3 que esta campa\u00f1a tiene como finalidad fomentar la cultura testamentaria, facilitando a la ciudadan\u00eda el acceso a este tr\u00e1mite a bajo costo, evitando con ello futuros conflictos familiares y brindando tranquilidad y certeza legal.<\/p>\n<p>Por su parte, el presidente del Colegio de Notarios de Sonora Ren\u00e9 Francisco Luna Sugich, reiter\u00f3 el compromiso del notariado sonorense para sumarse a esta noble campa\u00f1a y acercar sus servicios a toda la poblaci\u00f3n. Mencion\u00f3 que se brindar\u00e1n todas las facilidades para que esta iniciativa tenga el mayor alcance posible en beneficio de las y los sonorenses.<\/p>\n<p>El programa estar\u00e1 vigente del 01 al 30 de septiembre en todas las Notar\u00edas P\u00fablicas del Estado de Sonora, con costos preferenciales.<\/p>\n<p>En el evento estuvieron presentes Edgar Hiram Sallard, sub secretario de Servicios de Gobierno; Paul Mc Callum Meraz, procurador fiscal de la Secretar\u00eda de Hacienda; Jes\u00fas Francisco Rodr\u00edguez Hern\u00e1ndez, director general de Servicios Registrales; Juan Carlos Holgu\u00edn Balderrama, director general de Bolet\u00edn Oficial y Archivo del Estado; y Ram\u00f3n Alejandro Acosta Cortez, secretario del Consejo Jur\u00eddico del Estado, as\u00ed como notarios de Sonora.<\/p>\n<p>Para mayor informaci\u00f3n, la ciudadan\u00eda puede acudir a la Direcci\u00f3n General de Notar\u00edas o consultar el portal oficial del Gobierno del Estado.<\/p>\n","protected":false},"excerpt":{"rendered":"<p>Hermosillo, Sonora; 31 de agosto de 2026.- Mediante la firma de un convenio entre la Direcci\u00f3n General de Notar\u00edas y el Colegio de Notarios del Estado de Sonora, en coordinaci\u00f3n con la Secretar\u00eda de Hacienda, arranc\u00f3 la campa\u00f1a &#8220;Septiembre, Mes del Testamento&#8221;, impulsada por el gobernador Alfonso Durazo Monta\u00f1o con el objetivo de facilitar a [&hellip;]<\/p>\n","protected":false},"author":2,"featured_media":269303,"comment_status":"closed","ping_status":"closed","sticky":false,"template":"","format":"standard","meta":{"footnotes":""},"categories":[178],"tags":[12869],"class_list":["post-269302","post","type-post","status-publish","format-standard","has-post-thumbnail","hentry","category-local","tag-local"],"jetpack_featured_media_url":"https:\/\/rnoticias.com.mx\/Portal\/wp-content\/uploads\/2026\/08\/unnamed-74.jpg","amp_enabled":true,"_links":{"self":[{"href":"https:\/\/rnoticias.com.mx\/Portal\/wp-json\/wp\/v2\/posts\/269302","targetHints":{"allow":["GET"]}}],"collection":[{"href":"https:\/\/rnoticias.com.mx\/Portal\/wp-json\/wp\/v2\/posts"}],"about":[{"href":"https:\/\/rnoticias.com.mx\/Portal\/wp-json\/wp\/v2\/types\/post"}],"author":[{"embeddable":true,"href":"https:\/\/rnoticias.com.mx\/Portal\/wp-json\/wp\/v2\/users\/2"}],"replies":[{"embeddable":true,"href":"https:\/\/rnoticias.com.mx\/Portal\/wp-json\/wp\/v2\/comments?post=269302"}],"version-history":[{"count":1,"href":"https:\/\/rnoticias.com.mx\/Portal\/wp-json\/wp\/v2\/posts\/269302\/revisions"}],"predecessor-version":[{"id":269304,"href":"https:\/\/rnoticias.com.mx\/Portal\/wp-json\/wp\/v2\/posts\/269302\/revisions\/269304"}],"wp:featuredmedia":[{"embeddable":true,"href":"https:\/\/rnoticias.com.mx\/Portal\/wp-json\/wp\/v2\/media\/269303"}],"wp:attachment":[{"href":"https:\/\/rnoticias.com.mx\/Portal\/wp-json\/wp\/v2\/media?parent=269302"}],"wp:term":[{"taxonomy":"category","embeddable":true,"href":"https:\/\/rnoticias.com.mx\/Portal\/wp-json\/wp\/v2\/categories?post=269302"},{"taxonomy":"post_tag","embeddable":true,"href":"https:\/\/rnoticias.com.mx\/Portal\/wp-json\/wp\/v2\/tags?post=269302"}],"curies":[{"name":"wp","href":"https:\/\/api.w.org\/{rel}","templated":true}]}}